{"id":20832,"date":"2018-08-05T10:30:07","date_gmt":"2018-08-05T14:30:07","guid":{"rendered":"http:\/\/www.corumbaonline.com.br\/news\/?p=20832"},"modified":"2018-08-05T12:11:11","modified_gmt":"2018-08-05T16:11:11","slug":"bispo-da-sara-nossa-terra-e-o-indicado-do-prb-para-vice-de-odilon-na-chapa-do-pdt","status":"publish","type":"post","link":"https:\/\/www.corumbaonline.com.br\/news\/bispo-da-sara-nossa-terra-e-o-indicado-do-prb-para-vice-de-odilon-na-chapa-do-pdt\/","title":{"rendered":"Bispo da Sara Nossa Terra \u00e9 o indicado do PRB para vice de Odilon na chapa do PDT"},"content":{"rendered":"<p>Acabou o mist\u00e9rio sobre o candidato a vice-governador na chapa do PDT, encabe\u00e7ada pelo juiz federal aposentado, Odilon de Oliveira. O nome indicado pelo PRB \u00e9 o bispo da Igreja Evang\u00e9lica Sara Nossa Terra, de Dourados, Marcos Antonio Camargo Vitor.<\/p>\n<p>De acordo com a assessoria do PDT, Marcos Vitor, apesar de comandar a comunidade evang\u00e9lica na maior cidade do interior do Estado, j\u00e1 tem experi\u00eancia pol\u00edtica. Nas elei\u00e7\u00f5es de 2016 ele e a esposa, Adriana Vitor, trabalharam na elei\u00e7\u00e3o de D\u00e9lia Razuk, hoje prefeita de Dourados.<\/p>\n<p>\u201cTivemos o privil\u00e9gio de agregar lideran\u00e7as naquela ocasi\u00e3o (em 2016). Agora, ao lado da Adriana, vamos trabalhar intensamente para garantir mais uma vit\u00f3ria, levar o nome do juiz Odilon para servir ao povo como governador de nosso estado\u201d, disse bispo, por meio da assessoria de Odilon.<\/p>\n<p>O presidente regional do PRB, tamb\u00e9m pastor da Sara Nossa Terra, Wilton Acosta, pr\u00e9-candidato a deputado federal, explicou que a escolha de Marcos Vitor se deu por sua influ\u00eancia junto ao segmento evang\u00e9lico na regi\u00e3o de Dourados.<\/p>\n<p>O PRB, que estava na base do governo de Reinaldo Azambuja (PSDB), surpreendeu ao anunciar apoio \u00e0 candidatura de Odilon. O partido alegou que na chapa do PDT ter\u00e1 mais condi\u00e7\u00f5es de atingir seu objetivo principal, a reelei\u00e7\u00e3o do senador Pedro Chaves.<\/p>\n","protected":false},"excerpt":{"rendered":"<p>Acabou o mist\u00e9rio sobre o candidato a vice-governador na chapa do PDT, encabe\u00e7ada pelo juiz&#8230;<\/p>\n","protected":false},"author":1,"featured_media":0,"comment_status":"closed","ping_status":"closed","sticky":false,"template":"","format":"standard","meta":{"footnotes":""},"categories":[101,19],"tags":[],"class_list":["post-20832","post","type-post","status-publish","format-standard","hentry","category-eleicoes","category-politica"],"_links":{"self":[{"href":"https:\/\/www.corumbaonline.com.br\/news\/wp-json\/wp\/v2\/posts\/20832","targetHints":{"allow":["GET"]}}],"collection":[{"href":"https:\/\/www.corumbaonline.com.br\/news\/wp-json\/wp\/v2\/posts"}],"about":[{"href":"https:\/\/www.corumbaonline.com.br\/news\/wp-json\/wp\/v2\/types\/post"}],"author":[{"embeddable":true,"href":"https:\/\/www.corumbaonline.com.br\/news\/wp-json\/wp\/v2\/users\/1"}],"replies":[{"embeddable":true,"href":"https:\/\/www.corumbaonline.com.br\/news\/wp-json\/wp\/v2\/comments?post=20832"}],"version-history":[{"count":1,"href":"https:\/\/www.corumbaonline.com.br\/news\/wp-json\/wp\/v2\/posts\/20832\/revisions"}],"predecessor-version":[{"id":20833,"href":"https:\/\/www.corumbaonline.com.br\/news\/wp-json\/wp\/v2\/posts\/20832\/revisions\/20833"}],"wp:attachment":[{"href":"https:\/\/www.corumbaonline.com.br\/news\/wp-json\/wp\/v2\/media?parent=20832"}],"wp:term":[{"taxonomy":"category","embeddable":true,"href":"https:\/\/www.corumbaonline.com.br\/news\/wp-json\/wp\/v2\/categories?post=20832"},{"taxonomy":"post_tag","embeddable":true,"href":"https:\/\/www.corumbaonline.com.br\/news\/wp-json\/wp\/v2\/tags?post=20832"}],"curies":[{"name":"wp","href":"https:\/\/api.w.org\/{rel}","templated":true}]}}