{"id":20834,"date":"2018-08-05T12:12:25","date_gmt":"2018-08-05T16:12:25","guid":{"rendered":"http:\/\/www.corumbaonline.com.br\/news\/?p=20834"},"modified":"2018-08-05T12:25:52","modified_gmt":"2018-08-05T16:25:52","slug":"em-convencao-psol-confirma-danieze-como-candidato-ao-governo-de-mato-grosso-do-sul","status":"publish","type":"post","link":"https:\/\/www.corumbaonline.com.br\/news\/em-convencao-psol-confirma-danieze-como-candidato-ao-governo-de-mato-grosso-do-sul\/","title":{"rendered":"Em conven\u00e7\u00e3o, PSOL confirma Danieze como candidato ao governo de Mato Grosso do Sul"},"content":{"rendered":"<p>\u00daltima sigla a realizar sua conven\u00e7\u00e3o estadual, o PSOL tamb\u00e9m ter\u00e1 um candidato ao governo do Estado. Jo\u00e3o Alfredo Danieze, ex-vice-prefeito de Ribas do Rio Pardo, foi confirmado como nome da sigla para disputar a sucess\u00e3o de Reinaldo Azambuja (PSDB).<\/p>\n<p>Danieze destacou que a inten\u00e7\u00e3o do PSOL \u00e9 investir na educa\u00e7\u00e3o, desenvolvendo pol\u00edticas de valoriza\u00e7\u00e3o do professor, e privilegiando um ensino p\u00fablico de qualidade.<\/p>\n<p>O candidato explicou porque a legenda esperou at\u00e9 o \u00faltimo dia do prazo dado pela Justi\u00e7a Eleitoral para realizar sua conven\u00e7\u00e3o.<\/p>\n<p>\u201cChegamos \u00e0 conclus\u00e3o que deixamos o clube dos ladr\u00f5es, e n\u00e3o estamos vinculados a ningu\u00e9m\u201d, disparou.<\/p>\n<h1>Chapa<\/h1>\n<p>O partido confirmou, como candidata a vice-governadora, Din\u00e1 Freitas, ela \u00e9 do munic\u00edpio de Terenos, e ligada \u00e0 agricultura familiar. Completa a chapa majorit\u00e1ria Anizio Guat\u00f3, \u00edndio da tribo Guat\u00f3, da cidade de Corumb\u00e1.<\/p>\n<p>O PSOL tamb\u00e9m ter\u00e1 15 candidatos a deputado estadual, e outros seis a deputado federal.<\/p>\n","protected":false},"excerpt":{"rendered":"<p>\u00daltima sigla a realizar sua conven\u00e7\u00e3o estadual, o PSOL tamb\u00e9m ter\u00e1 um candidato ao governo&#8230;<\/p>\n","protected":false},"author":1,"featured_media":0,"comment_status":"closed","ping_status":"closed","sticky":false,"template":"","format":"standard","meta":{"footnotes":""},"categories":[101,19],"tags":[],"class_list":["post-20834","post","type-post","status-publish","format-standard","hentry","category-eleicoes","category-politica"],"_links":{"self":[{"href":"https:\/\/www.corumbaonline.com.br\/news\/wp-json\/wp\/v2\/posts\/20834","targetHints":{"allow":["GET"]}}],"collection":[{"href":"https:\/\/www.corumbaonline.com.br\/news\/wp-json\/wp\/v2\/posts"}],"about":[{"href":"https:\/\/www.corumbaonline.com.br\/news\/wp-json\/wp\/v2\/types\/post"}],"author":[{"embeddable":true,"href":"https:\/\/www.corumbaonline.com.br\/news\/wp-json\/wp\/v2\/users\/1"}],"replies":[{"embeddable":true,"href":"https:\/\/www.corumbaonline.com.br\/news\/wp-json\/wp\/v2\/comments?post=20834"}],"version-history":[{"count":2,"href":"https:\/\/www.corumbaonline.com.br\/news\/wp-json\/wp\/v2\/posts\/20834\/revisions"}],"predecessor-version":[{"id":20836,"href":"https:\/\/www.corumbaonline.com.br\/news\/wp-json\/wp\/v2\/posts\/20834\/revisions\/20836"}],"wp:attachment":[{"href":"https:\/\/www.corumbaonline.com.br\/news\/wp-json\/wp\/v2\/media?parent=20834"}],"wp:term":[{"taxonomy":"category","embeddable":true,"href":"https:\/\/www.corumbaonline.com.br\/news\/wp-json\/wp\/v2\/categories?post=20834"},{"taxonomy":"post_tag","embeddable":true,"href":"https:\/\/www.corumbaonline.com.br\/news\/wp-json\/wp\/v2\/tags?post=20834"}],"curies":[{"name":"wp","href":"https:\/\/api.w.org\/{rel}","templated":true}]}}