{"id":20837,"date":"2018-08-05T12:38:56","date_gmt":"2018-08-05T16:38:56","guid":{"rendered":"http:\/\/www.corumbaonline.com.br\/news\/?p=20837"},"modified":"2018-08-05T12:38:56","modified_gmt":"2018-08-05T16:38:56","slug":"cantor-pele-negra-morre-e-outras-duas-pessoas-ficam-feridas-apos-briga-e-disparos-em-tabacaria","status":"publish","type":"post","link":"https:\/\/www.corumbaonline.com.br\/news\/cantor-pele-negra-morre-e-outras-duas-pessoas-ficam-feridas-apos-briga-e-disparos-em-tabacaria\/","title":{"rendered":"Cantor Pele Negra morre e outras duas pessoas ficam feridas ap\u00f3s briga e disparos em tabacaria"},"content":{"rendered":"<p>Uma briga em uma tabacaria na madrugada deste domingo (5) acabou com a morte do m\u00fasico Jorge Edson dos Santos Ferreira de 27 anos, mais conhecido como Pele Negra, e outras duas pessoas, sendo o seguran\u00e7a de 21 anos e outro funcion\u00e1rio do local que fica no Centro de Tr\u00eas Lagoas, cidade distante 338 quil\u00f4metros de Campo Grande.<\/p>\n<p>De acordo com o boletim de ocorr\u00eancia, por volta das 3h ocorreu uma briga entre clientes da tabacaria, sendo o suspeito, um homem de 24 anos, foi colocado para fora do local pelos seguran\u00e7as e prometeu que iria voltar.<\/p>\n<p>Cerca de meia hora depois, ele voltou acompanhado de mais um amigo que n\u00e3o foi identificado. O propriet\u00e1rio de 24 anos n\u00e3o permitiu a entrada dos dois, em seguida o suspeito come\u00e7ou a atirar v\u00e1rias vezes contra a porta principal que \u00e9 de metal e estava fechada. Os tiros transfixaram e atingiram o seguran\u00e7a que estava atr\u00e1s da porta, um funcion\u00e1rio de 21 anos e o cantor Jorge Edson dos Santos Ferreira que estavam atr\u00e1s de um balc\u00e3o.<\/p>\n<p>O seguran\u00e7a e o cantor teriam sofrido les\u00f5es graves no tronco e o funcion\u00e1rio uma les\u00e3o superficial no bra\u00e7o, sendo socorrido e encaminhado para o Hospital Auxiliadora. Jorge n\u00e3o resistiu aos ferimentos e acabou morrendo, consta no boletim de ocorr\u00eancia que ele havia acabado de chegar ao local quando foi atingido.<\/p>\n<p>No local havia c\u00e2meras de seguran\u00e7a que filmaram o momento dos disparos, sendo poss\u00edvel ainda verificar que os suspeitos fugiram a p\u00e9. O caso foi registrado na Depac (Delegacia de Pronto Atendimento Comunit\u00e1rio) de Tr\u00eas Lagoas.<\/p>\n","protected":false},"excerpt":{"rendered":"<p>Uma briga em uma tabacaria na madrugada deste domingo (5) acabou com a morte do&#8230;<\/p>\n","protected":false},"author":1,"featured_media":20838,"comment_status":"closed","ping_status":"closed","sticky":false,"template":"","format":"standard","meta":{"footnotes":""},"categories":[18],"tags":[],"class_list":["post-20837","post","type-post","status-publish","format-standard","has-post-thumbnail","hentry","category-seguranca"],"_links":{"self":[{"href":"https:\/\/www.corumbaonline.com.br\/news\/wp-json\/wp\/v2\/posts\/20837","targetHints":{"allow":["GET"]}}],"collection":[{"href":"https:\/\/www.corumbaonline.com.br\/news\/wp-json\/wp\/v2\/posts"}],"about":[{"href":"https:\/\/www.corumbaonline.com.br\/news\/wp-json\/wp\/v2\/types\/post"}],"author":[{"embeddable":true,"href":"https:\/\/www.corumbaonline.com.br\/news\/wp-json\/wp\/v2\/users\/1"}],"replies":[{"embeddable":true,"href":"https:\/\/www.corumbaonline.com.br\/news\/wp-json\/wp\/v2\/comments?post=20837"}],"version-history":[{"count":1,"href":"https:\/\/www.corumbaonline.com.br\/news\/wp-json\/wp\/v2\/posts\/20837\/revisions"}],"predecessor-version":[{"id":20839,"href":"https:\/\/www.corumbaonline.com.br\/news\/wp-json\/wp\/v2\/posts\/20837\/revisions\/20839"}],"wp:featuredmedia":[{"embeddable":true,"href":"https:\/\/www.corumbaonline.com.br\/news\/wp-json\/wp\/v2\/media\/20838"}],"wp:attachment":[{"href":"https:\/\/www.corumbaonline.com.br\/news\/wp-json\/wp\/v2\/media?parent=20837"}],"wp:term":[{"taxonomy":"category","embeddable":true,"href":"https:\/\/www.corumbaonline.com.br\/news\/wp-json\/wp\/v2\/categories?post=20837"},{"taxonomy":"post_tag","embeddable":true,"href":"https:\/\/www.corumbaonline.com.br\/news\/wp-json\/wp\/v2\/tags?post=20837"}],"curies":[{"name":"wp","href":"https:\/\/api.w.org\/{rel}","templated":true}]}}