{"id":20842,"date":"2018-08-05T16:00:48","date_gmt":"2018-08-05T20:00:48","guid":{"rendered":"http:\/\/www.corumbaonline.com.br\/news\/?p=20842"},"modified":"2018-08-05T18:55:29","modified_gmt":"2018-08-05T22:55:29","slug":"ppl-lanca-joao-goulart-filho-candidato-a-presidente","status":"publish","type":"post","link":"https:\/\/www.corumbaonline.com.br\/news\/ppl-lanca-joao-goulart-filho-candidato-a-presidente\/","title":{"rendered":"PPL lan\u00e7a Jo\u00e3o Goulart Filho candidato a presidente"},"content":{"rendered":"<p>Em conven\u00e7\u00e3o nacional, o Partido P\u00e1tria Livre (PPL) lan\u00e7ou\u00a0hoje\u00a0(5) Jo\u00e3o Goulart Filho como candidato \u00e0\u00a0Presid\u00eancia da Rep\u00fablica. Ele\u00a0\u00e9 filho do ex-presidente Jo\u00e3o Goulart, o Jango, que teve mandato presidencial, de 1961 a 1964, interrompido pela ditadura\u00a0militar. \u00c9 a primeira vez que Jo\u00e3o Goulart Filho concorre ao cargo.<\/p>\n<p>Comp\u00f5e a chapa como candidato a vice o professor da Universidade Cat\u00f3lica de Bras\u00edlia, L\u00e9o Alves.<\/p>\n<p>Segundo Goulart Filho, sua principal proposta \u00e9 a retomada do nacionalismo e do\u00a0desenvolvimentismo. \u201cN\u00f3s tivemos um processo interrompido em 1964 em que as propostas tanto do trabalhismo como do nacionalismo brasileiro vinham sendo desenvolvidas. N\u00f3s estamos resgatando esse processo e temos a obriga\u00e7\u00e3o de resgatar a proposta daquele momento\u201d, disse.<\/p>\n<p>Entre as propostas citadas pelo candidato est\u00e1 a redu\u00e7\u00e3o dr\u00e1stica dos juros da d\u00edvida p\u00fablica para dar condi\u00e7\u00f5es ao Estado de investir no desenvolvimento social. \u201cAssim, evidentemente, n\u00f3s vamos\u00a0ter\u00a0recursos para sa\u00fade p\u00fablica, educa\u00e7\u00e3o e seguran\u00e7a que s\u00e3o \u00e1reas extremamente sens\u00edveis\u201d.<\/p>\n<p>Goulart destacou ainda o resgate da soberania, o controle das remessas de lucros das empresas estrangeiras\u00a0e a revis\u00e3o do conceito de seguran\u00e7a nacional. \u201cN\u00e3o podemos mais estar entregando nosso patrim\u00f4nio, nosso subsolo, nossas faculdades, nossa educa\u00e7\u00e3o, petr\u00f3leo e gera\u00e7\u00e3o el\u00e9trica para empresas multinacionais\u201d.<\/p>\n<p>Ele prop\u00f5e ainda abrir um di\u00e1logo com a sociedade para debater a reforma agr\u00e1ria, urbana, tribut\u00e1ria e educacional.<\/p>\n<h2>Perfil<\/h2>\n<p>Jo\u00e3o Goulart Filho \u00e9 poeta, fil\u00f3sofo, escritor e fundador do Instituto Jo\u00e3o Goulart, dedicado \u00e0 pesquisa hist\u00f3rica e \u00e0 reflex\u00e3o sobre o processo pol\u00edtico brasileiro. Foi deputado estadual no Rio Grande do Sul pelo PDT e \u00e9 autor de\u00a0<em>Jango e Eu: Mem\u00f3rias de um ex\u00edlio sem volta<\/em>, indicado ao Pr\u00eamio Jabuti.<\/p>\n<p>O candidado a vice L\u00e9o Alves foi procurador federal e, atualmente, \u00e9 professor da Universidade Cat\u00f3lica de Bras\u00edlia, professor-visitante de escolas de Governo, escolas de magistratura, de contas e academias de pol\u00edcia em 21 estados.<\/p>\n","protected":false},"excerpt":{"rendered":"<p>Em conven\u00e7\u00e3o nacional, o Partido P\u00e1tria Livre (PPL) lan\u00e7ou\u00a0hoje\u00a0(5) Jo\u00e3o Goulart Filho como candidato \u00e0\u00a0Presid\u00eancia&#8230;<\/p>\n","protected":false},"author":1,"featured_media":0,"comment_status":"closed","ping_status":"closed","sticky":false,"template":"","format":"standard","meta":{"footnotes":""},"categories":[101,19],"tags":[],"class_list":["post-20842","post","type-post","status-publish","format-standard","hentry","category-eleicoes","category-politica"],"_links":{"self":[{"href":"https:\/\/www.corumbaonline.com.br\/news\/wp-json\/wp\/v2\/posts\/20842","targetHints":{"allow":["GET"]}}],"collection":[{"href":"https:\/\/www.corumbaonline.com.br\/news\/wp-json\/wp\/v2\/posts"}],"about":[{"href":"https:\/\/www.corumbaonline.com.br\/news\/wp-json\/wp\/v2\/types\/post"}],"author":[{"embeddable":true,"href":"https:\/\/www.corumbaonline.com.br\/news\/wp-json\/wp\/v2\/users\/1"}],"replies":[{"embeddable":true,"href":"https:\/\/www.corumbaonline.com.br\/news\/wp-json\/wp\/v2\/comments?post=20842"}],"version-history":[{"count":1,"href":"https:\/\/www.corumbaonline.com.br\/news\/wp-json\/wp\/v2\/posts\/20842\/revisions"}],"predecessor-version":[{"id":20843,"href":"https:\/\/www.corumbaonline.com.br\/news\/wp-json\/wp\/v2\/posts\/20842\/revisions\/20843"}],"wp:attachment":[{"href":"https:\/\/www.corumbaonline.com.br\/news\/wp-json\/wp\/v2\/media?parent=20842"}],"wp:term":[{"taxonomy":"category","embeddable":true,"href":"https:\/\/www.corumbaonline.com.br\/news\/wp-json\/wp\/v2\/categories?post=20842"},{"taxonomy":"post_tag","embeddable":true,"href":"https:\/\/www.corumbaonline.com.br\/news\/wp-json\/wp\/v2\/tags?post=20842"}],"curies":[{"name":"wp","href":"https:\/\/api.w.org\/{rel}","templated":true}]}}