{"id":20844,"date":"2018-08-05T17:00:49","date_gmt":"2018-08-05T21:00:49","guid":{"rendered":"http:\/\/www.corumbaonline.com.br\/news\/?p=20844"},"modified":"2018-08-05T18:56:32","modified_gmt":"2018-08-05T22:56:32","slug":"pdt-deve-confirmar-amanha-nome-de-katia-abreu-para-vice-de-ciro-gomes","status":"publish","type":"post","link":"https:\/\/www.corumbaonline.com.br\/news\/pdt-deve-confirmar-amanha-nome-de-katia-abreu-para-vice-de-ciro-gomes\/","title":{"rendered":"PDT deve confirmar amanh\u00e3 nome de K\u00e1tia Abreu para vice de Ciro Gomes"},"content":{"rendered":"<p>O PDT deve oficializar amanh\u00e3 (6) a escolha da senadora K\u00e1tia Abreu (TO) como candidata a vice-presidente na chapa de Ciro Gomes, confirmou\u00a0<span id=\"OBJ_PREFIX_DWT143_com_zimbra_date\">hoje<\/span>\u00a0(6) a assessoria do partido. A senadora aceitou neste\u00a0<span id=\"OBJ_PREFIX_DWT144_com_zimbra_date\">domingo<\/span>\u00a0(5) convite feito pelo comit\u00ea de campanha para concorrer ao cargo. A reuni\u00e3o em que deve ser confirmado o nome de K\u00e1tia para vice est\u00e1 prevista para \u00e0s 11h, na sede do partido, em Bras\u00edlia.<\/p>\n<div class=\"dnd-widget-wrapper context-grande_6colunas type-image atom-align-left\">\n<div class=\"dnd-atom-rendered\">\n<figure class=\"mejs-fotoh-wrapper\">\n<p><figure style=\"width: 463px\" class=\"wp-caption alignnone\"><img loading=\"lazy\" decoding=\"async\" class=\"img-responsive full full\" title=\"Antonio Cruz\/Ag\u00eancia Brasil\/Ag\u00eancia Brasil\" src=\"http:\/\/imagens.ebc.com.br\/iDJF3VC-4zgu2ufjGuDOj0oo4Ko=\/463x0\/smart\/http:\/\/agenciabrasil.ebc.com.br\/sites\/default\/files\/atoms\/image\/975063-09-09-2015-dsc_0717.jpg?itok=5aV6UUNe\" alt=\"A ministra da Agricultura, Pecu\u00e1ria e Abastecimento, K\u00e1tia Abreu, durante entrevista coletiva, anuncia novos resultados nas negocia\u00e7\u00f5es para amplia\u00e7\u00e3o de mercados (Antonio Cruz\/Ag\u00eancia Brasil)\" width=\"463\" height=\"324\" \/><figcaption class=\"wp-caption-text\">A senadora K\u00e1tia Abreu, do Tocantins &#8211; Arquivo\/Ag\u00eancia Brasil<\/figcaption><\/figure><\/figure>\n<\/div>\n<\/div>\n<p>Katia Abreu \u00e9 ligada \u00e0 bancada do agroneg\u00f3cio. Ela ocupou o cargo de ministra da Agricultura e da Pecu\u00e1ria durante o governo da presidenta Dilma Rousseff e foi presidente da Confedera\u00e7\u00e3o da Agricultura e Pecu\u00e1ria do Brasil (CNA<em><strong>).<\/strong><\/em><\/p>\n<p>Esta \u00e9 a terceira candidatura de Ciro Gomes \u00e0 Presid\u00eancia da Rep\u00fablica: em 1998 e em 2002, ele concorreu pelo PPS. Natural de Pindamonhangaba (SP), Ciro construiu sua carreira pol\u00edtica no Cear\u00e1: foi prefeito de Fortaleza (1989-1990), e governador do estado (1991-1994). Renunciou ao cargo de governador em 1994, para assumir o Minist\u00e9rio da Fazenda, no governo Itamar Franco (1992-1994), por indica\u00e7\u00e3o do PSDB, seu partido na \u00e9poca.<\/p>\n","protected":false},"excerpt":{"rendered":"<p>O PDT deve oficializar amanh\u00e3 (6) a escolha da senadora K\u00e1tia Abreu (TO) como candidata&#8230;<\/p>\n","protected":false},"author":1,"featured_media":0,"comment_status":"closed","ping_status":"closed","sticky":false,"template":"","format":"standard","meta":{"footnotes":""},"categories":[101,19],"tags":[],"class_list":["post-20844","post","type-post","status-publish","format-standard","hentry","category-eleicoes","category-politica"],"_links":{"self":[{"href":"https:\/\/www.corumbaonline.com.br\/news\/wp-json\/wp\/v2\/posts\/20844","targetHints":{"allow":["GET"]}}],"collection":[{"href":"https:\/\/www.corumbaonline.com.br\/news\/wp-json\/wp\/v2\/posts"}],"about":[{"href":"https:\/\/www.corumbaonline.com.br\/news\/wp-json\/wp\/v2\/types\/post"}],"author":[{"embeddable":true,"href":"https:\/\/www.corumbaonline.com.br\/news\/wp-json\/wp\/v2\/users\/1"}],"replies":[{"embeddable":true,"href":"https:\/\/www.corumbaonline.com.br\/news\/wp-json\/wp\/v2\/comments?post=20844"}],"version-history":[{"count":1,"href":"https:\/\/www.corumbaonline.com.br\/news\/wp-json\/wp\/v2\/posts\/20844\/revisions"}],"predecessor-version":[{"id":20845,"href":"https:\/\/www.corumbaonline.com.br\/news\/wp-json\/wp\/v2\/posts\/20844\/revisions\/20845"}],"wp:attachment":[{"href":"https:\/\/www.corumbaonline.com.br\/news\/wp-json\/wp\/v2\/media?parent=20844"}],"wp:term":[{"taxonomy":"category","embeddable":true,"href":"https:\/\/www.corumbaonline.com.br\/news\/wp-json\/wp\/v2\/categories?post=20844"},{"taxonomy":"post_tag","embeddable":true,"href":"https:\/\/www.corumbaonline.com.br\/news\/wp-json\/wp\/v2\/tags?post=20844"}],"curies":[{"name":"wp","href":"https:\/\/api.w.org\/{rel}","templated":true}]}}