{"id":20846,"date":"2018-08-05T18:00:13","date_gmt":"2018-08-05T22:00:13","guid":{"rendered":"http:\/\/www.corumbaonline.com.br\/news\/?p=20846"},"modified":"2018-08-05T19:00:05","modified_gmt":"2018-08-05T23:00:05","slug":"general-mourao-e-indicado-vice-na-chapa-de-bolsonaro","status":"publish","type":"post","link":"https:\/\/www.corumbaonline.com.br\/news\/general-mourao-e-indicado-vice-na-chapa-de-bolsonaro\/","title":{"rendered":"General Mour\u00e3o \u00e9 indicado vice na chapa de Bolsonaro"},"content":{"rendered":"<p>O PRTB anunciou\u00a0<span id=\"OBJ_PREFIX_DWT175_com_zimbra_date\">neste domingo<\/span>\u00a0(5) apoio ao candidato do PSL \u00e0 Presid\u00eancia da Rep\u00fablica, Jair Bolsonaro, e indicou o general da reserva Hamilton Mour\u00e3o para compor a chapa como vice-presidente. Na conven\u00e7\u00e3o do partido, realizada na tarde de\u00a0<span id=\"OBJ_PREFIX_DWT176_com_zimbra_date\">hoje<\/span>\u00a0na capital paulista, o presidente do PRTB, Levy Fidelix, anunciou a retirada de sua candidatura para compor a alian\u00e7a nacional com Bolsonaro.<\/p>\n<div class=\"dnd-widget-wrapper context-cheio_8colunas type-image\">\n<div class=\"dnd-atom-rendered\">\n<figure class=\"mejs-fotoh-wrapper\">\n<p><figure style=\"width: 754px\" class=\"wp-caption alignnone\"><img loading=\"lazy\" decoding=\"async\" class=\"img-responsive full full\" title=\"Luiz Chaves\/Pal\u00e1cio Piratini\/Di\/Ag\u00eancia Brasil\" src=\"http:\/\/imagens.ebc.com.br\/BwOhbJFraRRPYo_N-NcYZHA1b6Q=\/754x0\/smart\/http:\/\/agenciabrasil.ebc.com.br\/sites\/default\/files\/thumbnails\/image\/general_mourao_1.jpg?itok=t6k6_xL8\" alt=\"General Mour\u00e3o\" width=\"754\" height=\"493\" \/><figcaption class=\"wp-caption-text\">Hamilton Mour\u00e3o \u00e9 o companheiro de chapa de Jair Bolsonaro &#8211; Luiz Chaves\/Pal\u00e1cio Piratini\/Direitos Reservados<\/figcaption><\/figure><\/figure>\n<\/div>\n<\/div>\n<p>Jair Bolsonaro participou da conven\u00e7\u00e3o do PRTB, ao lado do general Mour\u00e3o. Em discurso, Mour\u00e3o disse que aceitou o convite de Bolsonaro como cumprimento de miss\u00e3o e esp\u00edrito de dever. \u201cPara defesa dos nossos valores, da integridade do nosso territ\u00f3rio, do nosso patrim\u00f4nio e de uma verdadeira democracia, onde haja oportunidade para todos e todos ascendam por seus pr\u00f3prios m\u00e9ritos, e n\u00e3o por esmolas\u201d, afirmou.<\/p>\n<p>O general acrescentou que pretende integrar um \u201cgoverno austero, honesto, sem corrup\u00e7\u00e3o, com efici\u00eancia gerencial e com relacionamento republicano com os demais poderes, sem um balc\u00e3o de neg\u00f3cios\u201d.<\/p>\n<p>Ap\u00f3s o discurso do general, Bolsonaro disse que, a partir daquele momento, deixava de ser capit\u00e3o e seu candidato a vice, de ser general. \u201cN\u00f3s passamos a ser, a partir de agora, soldados do nosso Brasil\u201d, afirmou Bolsonaro. \u201cTemos uma enorme responsabilidade em mudar nosso Brasil. N\u00e3o podemos mais ficar esperando qual fac\u00e7\u00e3o vai continuar\u00e1 no poder.&#8221;<\/p>\n<p>O general Ant\u00f4nio Hamilton Martins Mour\u00e3o tem 64 anos, \u00e9 natural de Porto Alegre e entrou no Ex\u00e9rcito em 1972, ficando na ativa at\u00e9 fevereiro deste ano.<\/p>\n","protected":false},"excerpt":{"rendered":"<p>O PRTB anunciou\u00a0neste domingo\u00a0(5) apoio ao candidato do PSL \u00e0 Presid\u00eancia da Rep\u00fablica, Jair Bolsonaro,&#8230;<\/p>\n","protected":false},"author":1,"featured_media":0,"comment_status":"closed","ping_status":"closed","sticky":false,"template":"","format":"standard","meta":{"footnotes":""},"categories":[101,19],"tags":[],"class_list":["post-20846","post","type-post","status-publish","format-standard","hentry","category-eleicoes","category-politica"],"_links":{"self":[{"href":"https:\/\/www.corumbaonline.com.br\/news\/wp-json\/wp\/v2\/posts\/20846","targetHints":{"allow":["GET"]}}],"collection":[{"href":"https:\/\/www.corumbaonline.com.br\/news\/wp-json\/wp\/v2\/posts"}],"about":[{"href":"https:\/\/www.corumbaonline.com.br\/news\/wp-json\/wp\/v2\/types\/post"}],"author":[{"embeddable":true,"href":"https:\/\/www.corumbaonline.com.br\/news\/wp-json\/wp\/v2\/users\/1"}],"replies":[{"embeddable":true,"href":"https:\/\/www.corumbaonline.com.br\/news\/wp-json\/wp\/v2\/comments?post=20846"}],"version-history":[{"count":1,"href":"https:\/\/www.corumbaonline.com.br\/news\/wp-json\/wp\/v2\/posts\/20846\/revisions"}],"predecessor-version":[{"id":20847,"href":"https:\/\/www.corumbaonline.com.br\/news\/wp-json\/wp\/v2\/posts\/20846\/revisions\/20847"}],"wp:attachment":[{"href":"https:\/\/www.corumbaonline.com.br\/news\/wp-json\/wp\/v2\/media?parent=20846"}],"wp:term":[{"taxonomy":"category","embeddable":true,"href":"https:\/\/www.corumbaonline.com.br\/news\/wp-json\/wp\/v2\/categories?post=20846"},{"taxonomy":"post_tag","embeddable":true,"href":"https:\/\/www.corumbaonline.com.br\/news\/wp-json\/wp\/v2\/tags?post=20846"}],"curies":[{"name":"wp","href":"https:\/\/api.w.org\/{rel}","templated":true}]}}