{"id":20850,"date":"2018-08-06T08:05:08","date_gmt":"2018-08-06T12:05:08","guid":{"rendered":"http:\/\/www.corumbaonline.com.br\/news\/?p=20850"},"modified":"2018-08-06T08:18:28","modified_gmt":"2018-08-06T12:18:28","slug":"com-fim-do-prazo-de-convencoes-eleitor-de-ms-tera-6-opcoes-para-o-governo-2","status":"publish","type":"post","link":"https:\/\/www.corumbaonline.com.br\/news\/com-fim-do-prazo-de-convencoes-eleitor-de-ms-tera-6-opcoes-para-o-governo-2\/","title":{"rendered":"Com fim do prazo de conven\u00e7\u00f5es, eleitor de MS ter\u00e1 6 op\u00e7\u00f5es para o governo"},"content":{"rendered":"<p>Terminou neste domingo (5), o prazo dado pela Justi\u00e7a Eleitoral para que os partidos pol\u00edticos realizassem suas conven\u00e7\u00f5es, para escolha dos candidatos que v\u00e3o disputar as elei\u00e7\u00f5es de outubro. Em Mato Grosso do Sul, os eleitores ter\u00e3o que escolher entre seis postulantes ao cargo de governador do Estado.<\/p>\n<p>Tentando voltar ao comando do Estado, o MDB ter\u00e1 a senadora Simone Tebet como candidata ao governo, e o procurador de Justi\u00e7a e pastor evang\u00e9lico, S\u00e9rgio Harfouche, do PSC, como candidato a vice-governador. Completa a chapa majorit\u00e1ria, o senador Waldemir Moka, que busca a reelei\u00e7\u00e3o.<\/p>\n<p>Quem tamb\u00e9m ter\u00e1 a reelei\u00e7\u00e3o \u00e9 o governador Reinaldo Azambuja (PSDB). Ap\u00f3s muito mist\u00e9rio, os tucanos definiram como candidato a vice-governador o ex-prefeito de Dourados, e que j\u00e1 ocupou a vice-governadoria na primeira gest\u00e3o de Andr\u00e9 Puccinelli (MDB), Murilo Zauith. Para o senado, a chapa tucana ter\u00e1 Marcelo Miglioli (PSDB) e Nelsinho Trad (PTB).<\/p>\n<p>Juiz aposentado, Odilon de Oliveira \u00e9 a escolha do PDT para a disputa do governo. O candidato a vice-governador ser\u00e1 Marcos Camargo Vitor, bispo da Igreja Evang\u00e9lica Sara Nossa Terra, indicado do PRB, aliado de \u00faltima hora que tamb\u00e9m ter\u00e1 o senador Pedro Chaves como candidato ao Senado, ao lado da Prof\u00aa Leoc\u00e1dia Petry Lemes (PDT).<\/p>\n<p>O PT vai de chapa pura na disputa majorit\u00e1ria, e aposta no ex-prefeito de Mundo Novo, Humberto Amaducci, para encabe\u00e7ar a chapa. A advogada Luciene Maria da Silva e Silva ser\u00e1 a candidata ao cargo de vice-governadora, e o ex-governador e deputado federal Zeca do PT o candidato ao Senado.<\/p>\n<p>Numa coliga\u00e7\u00e3o formada por REDE, PV e PCdoB, o engenheiro Marcelo Bluma (PV) ser\u00e1 o candidato a governador, tendo como vice na chapa a prof\u00aa Ana Maria Bernardelli (REDE). M\u00e1rio Fonseca (PCdoB) vai disputar o Senado na chapa.<\/p>\n<p>\u00daltimo partido a definir os nomes, o PSOL tamb\u00e9m vai de chapa pura nas elei\u00e7\u00f5es, e aposta na pluralidade. O advogado e ex-vice-prefeito de Ribas do Rio Pardo, Jo\u00e3o Alberto Danieze ser\u00e1 o candidato ao governo, Din\u00e1 Freitas, candidata a vice-governadora, e, completando majorit\u00e1ria da sigla, ter\u00e1 um representante da comunidade ind\u00edgena, Anizio Guat\u00f3, da tribo Guat\u00f3 de Corumb\u00e1, ser\u00e1 o candidato ao Senado.<\/p>\n<h1>Registro<\/h1>\n<p>Agora, partidos e coliga\u00e7\u00f5es t\u00eam at\u00e9 o pr\u00f3ximo dia 15 de agosto para apresentarem no TRE (Tribunal Regional Eleitoral) o requerimento de registro de candidatos a governador e vice-governador, senador e suplente, deputado federal e deputado estadual. No dia seguinte, 16 de agosto, \u00e9 o in\u00edcio do prazo em que se torna permitido, de fato, a propaganda eleitoral.<\/p>\n","protected":false},"excerpt":{"rendered":"<p>Terminou neste domingo (5), o prazo dado pela Justi\u00e7a Eleitoral para que os partidos pol\u00edticos&#8230;<\/p>\n","protected":false},"author":1,"featured_media":0,"comment_status":"closed","ping_status":"closed","sticky":false,"template":"","format":"standard","meta":{"footnotes":""},"categories":[101,19],"tags":[],"class_list":["post-20850","post","type-post","status-publish","format-standard","hentry","category-eleicoes","category-politica"],"_links":{"self":[{"href":"https:\/\/www.corumbaonline.com.br\/news\/wp-json\/wp\/v2\/posts\/20850","targetHints":{"allow":["GET"]}}],"collection":[{"href":"https:\/\/www.corumbaonline.com.br\/news\/wp-json\/wp\/v2\/posts"}],"about":[{"href":"https:\/\/www.corumbaonline.com.br\/news\/wp-json\/wp\/v2\/types\/post"}],"author":[{"embeddable":true,"href":"https:\/\/www.corumbaonline.com.br\/news\/wp-json\/wp\/v2\/users\/1"}],"replies":[{"embeddable":true,"href":"https:\/\/www.corumbaonline.com.br\/news\/wp-json\/wp\/v2\/comments?post=20850"}],"version-history":[{"count":1,"href":"https:\/\/www.corumbaonline.com.br\/news\/wp-json\/wp\/v2\/posts\/20850\/revisions"}],"predecessor-version":[{"id":20851,"href":"https:\/\/www.corumbaonline.com.br\/news\/wp-json\/wp\/v2\/posts\/20850\/revisions\/20851"}],"wp:attachment":[{"href":"https:\/\/www.corumbaonline.com.br\/news\/wp-json\/wp\/v2\/media?parent=20850"}],"wp:term":[{"taxonomy":"category","embeddable":true,"href":"https:\/\/www.corumbaonline.com.br\/news\/wp-json\/wp\/v2\/categories?post=20850"},{"taxonomy":"post_tag","embeddable":true,"href":"https:\/\/www.corumbaonline.com.br\/news\/wp-json\/wp\/v2\/tags?post=20850"}],"curies":[{"name":"wp","href":"https:\/\/api.w.org\/{rel}","templated":true}]}}