{"id":20852,"date":"2018-08-06T08:13:36","date_gmt":"2018-08-06T12:13:36","guid":{"rendered":"http:\/\/www.corumbaonline.com.br\/news\/?p=20852"},"modified":"2018-08-06T08:27:15","modified_gmt":"2018-08-06T12:27:15","slug":"partidos-lancam-13-candidatos-a-presidencia-da-republica","status":"publish","type":"post","link":"https:\/\/www.corumbaonline.com.br\/news\/partidos-lancam-13-candidatos-a-presidencia-da-republica\/","title":{"rendered":"Partidos lan\u00e7am 13 candidatos \u00e0 Presid\u00eancia da Rep\u00fablica"},"content":{"rendered":"<p>Com fim do prazo previsto na legisla\u00e7\u00e3o eleitoral para defini\u00e7\u00e3o dos candidatos que pretendem concorrer \u00e0s elei\u00e7\u00f5es<span id=\"OBJ_PREFIX_DWT575_com_zimbra_date\">\u00a0de outubro<\/span>, 13 candidatos e seus vices confirmaram que v\u00e3o disputar a Presid\u00eancia da Rep\u00fablica. Segundo a legisla\u00e7\u00e3o, as chapas completas com os candidatos, vices, alian\u00e7as ou coliga\u00e7\u00f5es t\u00eam de ser oficializadas at\u00e9 esta segunda-feira (6) na Justi\u00e7a Eleitoral.<\/p>\n<p>A partir de agora, as legendas poder\u00e3o registrar seus candidatos \u00e0 Presid\u00eancia no Tribunal Superior Eleitoral (TSE). O prazo termina no dia\u00a0<span id=\"OBJ_PREFIX_DWT576_com_zimbra_date\">15 de agosto<\/span>, \u00e0s 19h. Em seguida,\u00a0caber\u00e1 ao Minist\u00e9rio P\u00fablico Eleitoral (MPE), qualquer candidato, partido pol\u00edtico ou coliga\u00e7\u00e3o impugnar o registro do advers\u00e1rio pol\u00edtico.<\/p>\n<p>Para tanto, na fundamenta\u00e7\u00e3o que deve ser enviada ao tribunal, o impugnante dever\u00e1 apresentar argumentos jur\u00eddicos contra o registro da candidatura, como algum impedimento legal previsto na Lei da Ficha Lima que gere uma inelegibilidade.\u00a0Caber\u00e1 a um ministro do TSE analisar os argumentos e decidir se o candidato poder\u00e1 disputar\u00a0 as elei\u00e7\u00f5es.<\/p>\n<p>A propaganda eleitoral por meio de carros de som, com\u00edcios e internet est\u00e1 liberada a partir do dia\u00a0<span id=\"OBJ_PREFIX_DWT577_com_zimbra_date\">16 deste m\u00eas<\/span>.<\/p>\n<p>O primeiro turno do pleito ser\u00e1 realizado dia\u00a0<span id=\"OBJ_PREFIX_DWT578_com_zimbra_date\">7 de outubro<\/span>, e segundo, em\u00a0<span id=\"OBJ_PREFIX_DWT579_com_zimbra_date\">28 de outubro<\/span>.<\/p>\n","protected":false},"excerpt":{"rendered":"<p>Com fim do prazo previsto na legisla\u00e7\u00e3o eleitoral para defini\u00e7\u00e3o dos candidatos que pretendem concorrer&#8230;<\/p>\n","protected":false},"author":1,"featured_media":0,"comment_status":"closed","ping_status":"closed","sticky":false,"template":"","format":"standard","meta":{"footnotes":""},"categories":[101,19],"tags":[],"class_list":["post-20852","post","type-post","status-publish","format-standard","hentry","category-eleicoes","category-politica"],"_links":{"self":[{"href":"https:\/\/www.corumbaonline.com.br\/news\/wp-json\/wp\/v2\/posts\/20852","targetHints":{"allow":["GET"]}}],"collection":[{"href":"https:\/\/www.corumbaonline.com.br\/news\/wp-json\/wp\/v2\/posts"}],"about":[{"href":"https:\/\/www.corumbaonline.com.br\/news\/wp-json\/wp\/v2\/types\/post"}],"author":[{"embeddable":true,"href":"https:\/\/www.corumbaonline.com.br\/news\/wp-json\/wp\/v2\/users\/1"}],"replies":[{"embeddable":true,"href":"https:\/\/www.corumbaonline.com.br\/news\/wp-json\/wp\/v2\/comments?post=20852"}],"version-history":[{"count":1,"href":"https:\/\/www.corumbaonline.com.br\/news\/wp-json\/wp\/v2\/posts\/20852\/revisions"}],"predecessor-version":[{"id":20853,"href":"https:\/\/www.corumbaonline.com.br\/news\/wp-json\/wp\/v2\/posts\/20852\/revisions\/20853"}],"wp:attachment":[{"href":"https:\/\/www.corumbaonline.com.br\/news\/wp-json\/wp\/v2\/media?parent=20852"}],"wp:term":[{"taxonomy":"category","embeddable":true,"href":"https:\/\/www.corumbaonline.com.br\/news\/wp-json\/wp\/v2\/categories?post=20852"},{"taxonomy":"post_tag","embeddable":true,"href":"https:\/\/www.corumbaonline.com.br\/news\/wp-json\/wp\/v2\/tags?post=20852"}],"curies":[{"name":"wp","href":"https:\/\/api.w.org\/{rel}","templated":true}]}}