{"id":20854,"date":"2018-08-06T08:27:25","date_gmt":"2018-08-06T12:27:25","guid":{"rendered":"http:\/\/www.corumbaonline.com.br\/news\/?p=20854"},"modified":"2018-08-06T08:28:50","modified_gmt":"2018-08-06T12:28:50","slug":"pcdob-desiste-de-candidatura-presidencial-e-faz-acordo-com-pt","status":"publish","type":"post","link":"https:\/\/www.corumbaonline.com.br\/news\/pcdob-desiste-de-candidatura-presidencial-e-faz-acordo-com-pt\/","title":{"rendered":"PCdoB desiste de candidatura presidencial e faz acordo com PT"},"content":{"rendered":"<p>O PCdoB desistiu da candidatura pr\u00f3pria \u00e0 Presid\u00eancia da Rep\u00fablica, com a deputada estadual do Rio Grande do Sul,Manuela D\u2019\u00c1vila, para se coligar ao PT nas elei\u00e7\u00f5es deste ano.<\/p>\n<p>Na \u00faltima quarta-feira (1\u00ba), a deputada chegou a ser confirmada pelo\u00a0 partido como candidata \u00e0 Presid\u00eancia da Rep\u00fablica. No final da conven\u00e7\u00e3o, entretanto, ela j\u00e1 havia adiantado que abriria m\u00e3o de disputar o carto caso houvesse unidade de outros partidos da esquerda que pretendessem concorrer ao pleito.<\/p>\n<p>Nas negocia\u00e7\u00f5es feitas neste domingo (5) com o PT, ficou acordado que Manuela ir\u00e1 viajar o pa\u00eds junto com o candidato Fernando Haddad, escolhido para vice na chapa petista, para fazer campanha em nome do ex-presidente Luiz In\u00e1cio Lula da Silva, aclamado no s\u00e1bado como candidato.<\/p>\n<p>Segundo a presidente do PCdoB, Luciana Santos, a decis\u00e3o do partido foi tomada em nome da unidade. \u201cManuela disse que nunca foi \u00f3bice a qualquer tipo de unidade pol\u00edtica. N\u00f3s estamos construindo a unidade pol\u00edtica que foi poss\u00edvel construir no primeiro turno, com a participa\u00e7\u00e3o e lideran\u00e7a de Lula. Isso por uma circunst\u00e2ncia objetiva, at\u00e9 que se definam as pend\u00eancias legais\u201d, destacou Luciana.<\/p>\n<p>A presidente do PT, Gleisi Hoffman, disse que a decis\u00e3o de escolher um candidato a vice-presidente do pr\u00f3prio partido foi para garantir que a representa\u00e7\u00e3o de Lula seja feita por um de seus membros. \u201c[Isso foi decidido] na avalia\u00e7\u00e3o que fizemos para assegurar a manifesta\u00e7\u00e3o do presidente Lula. E vamos com a candidatura de Lula at\u00e9 as \u00faltimas consequ\u00eancias: a vocaliza\u00e7\u00e3o de sua campanha ser\u00e1 feita com um companheiro do PT\u201d, afirmou.<\/p>\n","protected":false},"excerpt":{"rendered":"<p>O PCdoB desistiu da candidatura pr\u00f3pria \u00e0 Presid\u00eancia da Rep\u00fablica, com a deputada estadual do&#8230;<\/p>\n","protected":false},"author":1,"featured_media":0,"comment_status":"closed","ping_status":"closed","sticky":false,"template":"","format":"standard","meta":{"footnotes":""},"categories":[101,19],"tags":[],"class_list":["post-20854","post","type-post","status-publish","format-standard","hentry","category-eleicoes","category-politica"],"_links":{"self":[{"href":"https:\/\/www.corumbaonline.com.br\/news\/wp-json\/wp\/v2\/posts\/20854","targetHints":{"allow":["GET"]}}],"collection":[{"href":"https:\/\/www.corumbaonline.com.br\/news\/wp-json\/wp\/v2\/posts"}],"about":[{"href":"https:\/\/www.corumbaonline.com.br\/news\/wp-json\/wp\/v2\/types\/post"}],"author":[{"embeddable":true,"href":"https:\/\/www.corumbaonline.com.br\/news\/wp-json\/wp\/v2\/users\/1"}],"replies":[{"embeddable":true,"href":"https:\/\/www.corumbaonline.com.br\/news\/wp-json\/wp\/v2\/comments?post=20854"}],"version-history":[{"count":1,"href":"https:\/\/www.corumbaonline.com.br\/news\/wp-json\/wp\/v2\/posts\/20854\/revisions"}],"predecessor-version":[{"id":20855,"href":"https:\/\/www.corumbaonline.com.br\/news\/wp-json\/wp\/v2\/posts\/20854\/revisions\/20855"}],"wp:attachment":[{"href":"https:\/\/www.corumbaonline.com.br\/news\/wp-json\/wp\/v2\/media?parent=20854"}],"wp:term":[{"taxonomy":"category","embeddable":true,"href":"https:\/\/www.corumbaonline.com.br\/news\/wp-json\/wp\/v2\/categories?post=20854"},{"taxonomy":"post_tag","embeddable":true,"href":"https:\/\/www.corumbaonline.com.br\/news\/wp-json\/wp\/v2\/tags?post=20854"}],"curies":[{"name":"wp","href":"https:\/\/api.w.org\/{rel}","templated":true}]}}