{"id":20856,"date":"2018-08-06T08:19:58","date_gmt":"2018-08-06T12:19:58","guid":{"rendered":"http:\/\/www.corumbaonline.com.br\/news\/?p=20856"},"modified":"2018-08-06T08:29:46","modified_gmt":"2018-08-06T12:29:46","slug":"pt-anuncia-fernando-haddad-como-candidato-a-vice-presidente","status":"publish","type":"post","link":"https:\/\/www.corumbaonline.com.br\/news\/pt-anuncia-fernando-haddad-como-candidato-a-vice-presidente\/","title":{"rendered":"PT anuncia Fernando Haddad como candidato a vice-presidente"},"content":{"rendered":"<p>O PT confirmou, na madrugada desta segunda-feira (6) Fernando Haddad como candidato \u00e0 Vice-Presid\u00eancia da Rep\u00fablica, na chapa encabe\u00e7ada pelo ex-presidente Luiz In\u00e1cio Lula da Silva. Lula, que est\u00e1 preso desde abril em Curitiba, aclamado no \u00faltimo s\u00e1bado (4) como candidato \u00e0 Presid\u00eancia na conven\u00e7\u00e3o nacional do partido.<\/p>\n<div class=\"dnd-widget-wrapper context-cheio_8colunas type-image\">\n<div class=\"dnd-atom-rendered\">\n<figure class=\"mejs-fotoh-wrapper\">\n<p><figure style=\"width: 754px\" class=\"wp-caption alignnone\"><img loading=\"lazy\" decoding=\"async\" class=\"img-responsive full full\" title=\"Ag\u00eancia Brasil\/Arquivo\/Ag\u00eancia Brasil\" src=\"http:\/\/imagens.ebc.com.br\/hVU5x88a5yTP_HqVve_5HElHdxA=\/754x0\/smart\/http:\/\/agenciabrasil.ebc.com.br\/sites\/default\/files\/atoms\/image\/fernando_haddad_0.jpg?itok=jgLcY6Fc\" alt=\"fernando_haddad.jpg\" width=\"754\" height=\"505\" \/><figcaption class=\"wp-caption-text\">Nome do ex-prefeito Fernando Haddad foi confirmado no fim da noite de domingo &#8211; \/Arquivo\/Ag\u00eancia Brasil<\/figcaption><\/figure><\/figure>\n<\/div>\n<\/div>\n<p>O an\u00fancio sobre Haddad foi feito na conta oficial do Twitter de Lula. O registro do nome do candidato a vice ocorreu minutos antes de o prazo legal se encerrar, por volta das 23h55 de domingo (5). O nome de Haddad foi escolhido ap\u00f3s reuni\u00e3o da executiva nacional do PT e negocia\u00e7\u00f5es com o PCdoB, que terminaram por volta das 23h45.<\/p>\n<p>Fernando Haddad nasceu em S\u00e3o Paulo, no dia 25 de janeiro de 1963. Na Universidade de S\u00e3o Paulo (USP),\u00a0 foi graduado em direito, mestre em economia e doutor em filosofia. Passou a ser professor na institui\u00e7\u00e3o em 1990. \u00c9 filiado no PT desde 1983.<\/p>\n<p>Foi ministro da Educa\u00e7\u00e3o de 2015 a 2012 nos governos de Lula e Dilma Rousseff. Teve participa\u00e7\u00e3o direta no desenvolvimento de projetos como o Programa Universidade para Todos (ProUni), o Fundo de Manuten\u00e7\u00e3o e Desenvolvimento da Educa\u00e7\u00e3o B\u00e1sica e de Valoriza\u00e7\u00e3o dos Profissionais da Educa\u00e7\u00e3o (Fundeb) e do Exame Nacional do Ensino M\u00e9dio (Enem).<\/p>\n<p>Em 2012 foi candidato e elegeu-se prefeito da capital paulista. Em 2015, retomou a atividade docente na USP paralelamente ao exerc\u00edcio do mandato.<\/p>\n<p>Publicou diversos artigos acad\u00eamicos e livros, entre eles\u00a0<em>O Sistema Sovi\u00e9tico<\/em>\u00a0(1992) e\u00a0<em>Em Defesa do Socialismo\u00a0<\/em>(1998).<\/p>\n","protected":false},"excerpt":{"rendered":"<p>O PT confirmou, na madrugada desta segunda-feira (6) Fernando Haddad como candidato \u00e0 Vice-Presid\u00eancia da&#8230;<\/p>\n","protected":false},"author":1,"featured_media":0,"comment_status":"closed","ping_status":"closed","sticky":false,"template":"","format":"standard","meta":{"footnotes":""},"categories":[101,19],"tags":[],"class_list":["post-20856","post","type-post","status-publish","format-standard","hentry","category-eleicoes","category-politica"],"_links":{"self":[{"href":"https:\/\/www.corumbaonline.com.br\/news\/wp-json\/wp\/v2\/posts\/20856","targetHints":{"allow":["GET"]}}],"collection":[{"href":"https:\/\/www.corumbaonline.com.br\/news\/wp-json\/wp\/v2\/posts"}],"about":[{"href":"https:\/\/www.corumbaonline.com.br\/news\/wp-json\/wp\/v2\/types\/post"}],"author":[{"embeddable":true,"href":"https:\/\/www.corumbaonline.com.br\/news\/wp-json\/wp\/v2\/users\/1"}],"replies":[{"embeddable":true,"href":"https:\/\/www.corumbaonline.com.br\/news\/wp-json\/wp\/v2\/comments?post=20856"}],"version-history":[{"count":1,"href":"https:\/\/www.corumbaonline.com.br\/news\/wp-json\/wp\/v2\/posts\/20856\/revisions"}],"predecessor-version":[{"id":20857,"href":"https:\/\/www.corumbaonline.com.br\/news\/wp-json\/wp\/v2\/posts\/20856\/revisions\/20857"}],"wp:attachment":[{"href":"https:\/\/www.corumbaonline.com.br\/news\/wp-json\/wp\/v2\/media?parent=20856"}],"wp:term":[{"taxonomy":"category","embeddable":true,"href":"https:\/\/www.corumbaonline.com.br\/news\/wp-json\/wp\/v2\/categories?post=20856"},{"taxonomy":"post_tag","embeddable":true,"href":"https:\/\/www.corumbaonline.com.br\/news\/wp-json\/wp\/v2\/tags?post=20856"}],"curies":[{"name":"wp","href":"https:\/\/api.w.org\/{rel}","templated":true}]}}