{"id":20876,"date":"2018-08-06T09:50:43","date_gmt":"2018-08-06T13:50:43","guid":{"rendered":"http:\/\/www.corumbaonline.com.br\/news\/?p=20876"},"modified":"2018-08-06T10:22:25","modified_gmt":"2018-08-06T14:22:25","slug":"corumba-participa-das-celebracoes-dos-193-anos-de-independencia-da-bolivia","status":"publish","type":"post","link":"https:\/\/www.corumbaonline.com.br\/news\/corumba-participa-das-celebracoes-dos-193-anos-de-independencia-da-bolivia\/","title":{"rendered":"Corumb\u00e1 participa das celebra\u00e7\u00f5es dos 193 anos de independ\u00eancia da Bol\u00edvia"},"content":{"rendered":"<p>A Bol\u00edvia celebra nesta segunda-feira, 6 de agosto, os 193 anos de sua independ\u00eancia. Em Corumb\u00e1, a data foi comemorada nesse domingo, 5, em ato realizado no Jardim da Independ\u00eancia. O prefeito Marcelo Iunes foi representado no ato pelo diretor-executivo da Ag\u00eancia Municipal Portu\u00e1ria, Jos\u00e9 Ant\u00f4nio Assad e Faria.<\/p>\n<p>&nbsp;<\/p>\n<p>Jos\u00e9 Ant\u00f4nio destacou a parceria hist\u00f3rica e o bom relacionamento entre a popula\u00e7\u00e3o de Corumb\u00e1 e os irm\u00e3os bolivianos da faixa de fronteira. Ele tamb\u00e9m destacou que o desenvolvimento econ\u00f4mico da regi\u00e3o passa pelo fortalecimento dessa parceria entre Brasil e Bol\u00edvia.<\/p>\n<p>&nbsp;<\/p>\n<p>O c\u00f4nsul da Bol\u00edvia em Corumb\u00e1, Armando Pacheco Gutierrez, tamb\u00e9m ressaltou a irmandade entre os povos nesta fronteira. A cerim\u00f4nia j\u00e1 se tornou tradicional na cidade de Corumb\u00e1, fronteira com os munic\u00edpios bolivianos de Puerto Quijarro e Puerto Su\u00e1rez. As cores do pa\u00eds vizinho &#8211; vermelho, amarelo e verde &#8211; predominam nas vestimentas e s\u00edmbolos p\u00e1trios para recordar os 193 anos de Independ\u00eancia, cujo libertador foi Sim\u00f3n Bol\u00edvar.<\/p>\n<p>&nbsp;<\/p>\n<p>O ato ainda contou com a presen\u00e7a de autoridades civis, militares e eclesi\u00e1sticas no Jardim da Independ\u00eancia, onde a comunidade boliviana residente em Corumb\u00e1, tamb\u00e9m esteve presente. M\u00fasicas t\u00edpicas e a tradicional morenada, dan\u00e7a de origem boliviana, fuzeram parte da celebra\u00e7\u00e3o.<\/p>\n<p>&nbsp;<\/p>\n<p>A Banda Municipal Manoel Flor\u00eancio executou os hinos nacionais dos dois pa\u00edses e, em seguida, um arranjo floral foi depositado aos p\u00e9s da est\u00e1tua do her\u00f3i da Retomada de Corumb\u00e1, Ant\u00f4nio Maria Coelho, num gesto de respeito por ser tamb\u00e9m uma figura hist\u00f3rica de import\u00e2ncia para Corumb\u00e1.<\/p>\n","protected":false},"excerpt":{"rendered":"<p>A Bol\u00edvia celebra nesta segunda-feira, 6 de agosto, os 193 anos de sua independ\u00eancia. Em&#8230;<\/p>\n","protected":false},"author":1,"featured_media":20877,"comment_status":"closed","ping_status":"closed","sticky":false,"template":"","format":"standard","meta":{"footnotes":""},"categories":[14],"tags":[],"class_list":["post-20876","post","type-post","status-publish","format-standard","has-post-thumbnail","hentry","category-geral"],"_links":{"self":[{"href":"https:\/\/www.corumbaonline.com.br\/news\/wp-json\/wp\/v2\/posts\/20876","targetHints":{"allow":["GET"]}}],"collection":[{"href":"https:\/\/www.corumbaonline.com.br\/news\/wp-json\/wp\/v2\/posts"}],"about":[{"href":"https:\/\/www.corumbaonline.com.br\/news\/wp-json\/wp\/v2\/types\/post"}],"author":[{"embeddable":true,"href":"https:\/\/www.corumbaonline.com.br\/news\/wp-json\/wp\/v2\/users\/1"}],"replies":[{"embeddable":true,"href":"https:\/\/www.corumbaonline.com.br\/news\/wp-json\/wp\/v2\/comments?post=20876"}],"version-history":[{"count":1,"href":"https:\/\/www.corumbaonline.com.br\/news\/wp-json\/wp\/v2\/posts\/20876\/revisions"}],"predecessor-version":[{"id":20878,"href":"https:\/\/www.corumbaonline.com.br\/news\/wp-json\/wp\/v2\/posts\/20876\/revisions\/20878"}],"wp:featuredmedia":[{"embeddable":true,"href":"https:\/\/www.corumbaonline.com.br\/news\/wp-json\/wp\/v2\/media\/20877"}],"wp:attachment":[{"href":"https:\/\/www.corumbaonline.com.br\/news\/wp-json\/wp\/v2\/media?parent=20876"}],"wp:term":[{"taxonomy":"category","embeddable":true,"href":"https:\/\/www.corumbaonline.com.br\/news\/wp-json\/wp\/v2\/categories?post=20876"},{"taxonomy":"post_tag","embeddable":true,"href":"https:\/\/www.corumbaonline.com.br\/news\/wp-json\/wp\/v2\/tags?post=20876"}],"curies":[{"name":"wp","href":"https:\/\/api.w.org\/{rel}","templated":true}]}}