{"id":20884,"date":"2018-08-06T10:39:12","date_gmt":"2018-08-06T14:39:12","guid":{"rendered":"http:\/\/www.corumbaonline.com.br\/news\/?p=20884"},"modified":"2018-08-06T11:13:45","modified_gmt":"2018-08-06T15:13:45","slug":"galacticos-e-campeao-da-copa-integracao-de-futebol-na-regiao-do-primavera","status":"publish","type":"post","link":"https:\/\/www.corumbaonline.com.br\/news\/galacticos-e-campeao-da-copa-integracao-de-futebol-na-regiao-do-primavera\/","title":{"rendered":"Gal\u00e1cticos \u00e9 campe\u00e3o da Copa Integra\u00e7\u00e3o de Futebol na regi\u00e3o do Primavera"},"content":{"rendered":"<p>O Gal\u00e1cticos conquistou nesse domingo, 5 de agosto, o t\u00edtulo da Copa Integra\u00e7\u00e3o de Futebol Amador na regi\u00e3o do Primavera. Na decis\u00e3o, a equipe derrotou o Primavera por 2 a 1 e faturou, al\u00e9m de trof\u00e9u e medalhas, o premio de R$ 2.400 em dinheiro oferecido pela Prefeitura de Corumb\u00e1.<\/p>\n<p>&nbsp;<\/p>\n<p>Acompanhado pelo diretor-presidente da Funda\u00e7\u00e3o de Esportes de Corumb\u00e1 (FUNEC), Silvino Rodrigues Ribeiro, o prefeito Marcelo Iunes acompanhou a decis\u00e3o e destacou o papel do esporte para a integra\u00e7\u00e3o social e o divertimento da popula\u00e7\u00e3o.<\/p>\n<p>&nbsp;<\/p>\n<p>\u201cCom essa Copa Integra\u00e7\u00e3o, que acontece em toda a cidade, A FUNEC fortalece a pol\u00edtica de fomento voltada ao esporte amador e permite o acesso \u00e0 pr\u00e1tica esportiva em todas as suas manifesta\u00e7\u00f5es\u201d, destacou o chefe do Executivo municipal.<\/p>\n<p>&nbsp;<\/p>\n<p>Segundo colocado, o Primavera levou para casa a premia\u00e7\u00e3o de R$ 1.200. O artilheiro da regional foi Rodrigo dos Santos Medeiros e o melhor goleiro foi Alcides Rondon Alves, os dois atletas do Guanabara. Cada um levou, al\u00e9m de trof\u00e9u, o valor de R$ 200.<\/p>\n<p>&nbsp;<\/p>\n<p>A disputa contou com a participa\u00e7\u00e3o de seis equipes, que totalizou 138 atletas amadores. Nos 19 jogos realizados, foram marcados 93 gols. Foram distribu\u00eddos 42 cart\u00f5es amarelos e nove cart\u00f5es vermelhos. Todos os jogos foram disputados no campo do conjunto Primavera.<\/p>\n<p>&nbsp;<\/p>\n<p><strong>Regionais<\/strong><\/p>\n<p>&nbsp;<\/p>\n<p>Na regional do Cravo Vermelho, a Copa Integra\u00e7\u00e3o de Futebol Amador entra neste fim de semana na fase semifinal. No s\u00e1bado, \u00e0s 14h45, se enfrentam Fam\u00edlia Moraes e Master de Ouro. No domingo, \u00e0s 9h15, \u00e9 a vez de Santa Catarina e Sete de Setembro entrarem em campo buscando um lugar na decis\u00e3o.<\/p>\n<p>&nbsp;<\/p>\n<p>Na regi\u00e3o do Universit\u00e1rio, o Universit\u00e1rio venceu o GM Cristo por 3 a 2. No pr\u00f3ximo s\u00e1bado, \u00e0s 17h30, se enfrentam Bar\u00e3o x Curimbat\u00e1. Pelo Centro Esportivo do Bairro Dom Bosco, o Mundial fez 4 a 2 no Borrowisky, em partida realizada na Esplanada da Nob no \u00faltimo domingo, dia 5.<\/p>\n","protected":false},"excerpt":{"rendered":"<p>O Gal\u00e1cticos conquistou nesse domingo, 5 de agosto, o t\u00edtulo da Copa Integra\u00e7\u00e3o de Futebol&#8230;<\/p>\n","protected":false},"author":1,"featured_media":20885,"comment_status":"closed","ping_status":"closed","sticky":false,"template":"","format":"standard","meta":{"footnotes":""},"categories":[11],"tags":[],"class_list":["post-20884","post","type-post","status-publish","format-standard","has-post-thumbnail","hentry","category-esporte"],"_links":{"self":[{"href":"https:\/\/www.corumbaonline.com.br\/news\/wp-json\/wp\/v2\/posts\/20884","targetHints":{"allow":["GET"]}}],"collection":[{"href":"https:\/\/www.corumbaonline.com.br\/news\/wp-json\/wp\/v2\/posts"}],"about":[{"href":"https:\/\/www.corumbaonline.com.br\/news\/wp-json\/wp\/v2\/types\/post"}],"author":[{"embeddable":true,"href":"https:\/\/www.corumbaonline.com.br\/news\/wp-json\/wp\/v2\/users\/1"}],"replies":[{"embeddable":true,"href":"https:\/\/www.corumbaonline.com.br\/news\/wp-json\/wp\/v2\/comments?post=20884"}],"version-history":[{"count":1,"href":"https:\/\/www.corumbaonline.com.br\/news\/wp-json\/wp\/v2\/posts\/20884\/revisions"}],"predecessor-version":[{"id":20886,"href":"https:\/\/www.corumbaonline.com.br\/news\/wp-json\/wp\/v2\/posts\/20884\/revisions\/20886"}],"wp:featuredmedia":[{"embeddable":true,"href":"https:\/\/www.corumbaonline.com.br\/news\/wp-json\/wp\/v2\/media\/20885"}],"wp:attachment":[{"href":"https:\/\/www.corumbaonline.com.br\/news\/wp-json\/wp\/v2\/media?parent=20884"}],"wp:term":[{"taxonomy":"category","embeddable":true,"href":"https:\/\/www.corumbaonline.com.br\/news\/wp-json\/wp\/v2\/categories?post=20884"},{"taxonomy":"post_tag","embeddable":true,"href":"https:\/\/www.corumbaonline.com.br\/news\/wp-json\/wp\/v2\/tags?post=20884"}],"curies":[{"name":"wp","href":"https:\/\/api.w.org\/{rel}","templated":true}]}}