{"id":20887,"date":"2018-08-06T10:46:09","date_gmt":"2018-08-06T14:46:09","guid":{"rendered":"http:\/\/www.corumbaonline.com.br\/news\/?p=20887"},"modified":"2018-08-06T11:16:15","modified_gmt":"2018-08-06T15:16:15","slug":"arte-da-palavra-vai-discutir-o-lugar-da-poesia-em-meio-a-diversidade-de-vozes-literarias","status":"publish","type":"post","link":"https:\/\/www.corumbaonline.com.br\/news\/arte-da-palavra-vai-discutir-o-lugar-da-poesia-em-meio-a-diversidade-de-vozes-literarias\/","title":{"rendered":"Arte da Palavra vai discutir &#8220;O lugar da poesia&#8221; em meio \u00e0 diversidade de vozes liter\u00e1rias"},"content":{"rendered":"<p class=\"x_MsoNormal\">No dia 16 de agosto o projeto Arte da Palavra &#8211; Rede Sesc de Leituras traz a Corumb\u00e1 mais um Circuito de Autores, desta vez com Nicolas Behr (DF) e Bruna Beber (SP) que discutir\u00e3o o tema &#8220;O lugar da poesia&#8221;, sob media\u00e7\u00e3o de L\u00edvia Galharte Gaertner. A a\u00e7\u00e3o \u00e9 aberta ao p\u00fablico e come\u00e7a \u00e0s 19h30.<\/p>\n<p class=\"x_MsoNormal\">Esta etapa busca promover, por meio de uma itiner\u00e2ncia de \u00e2mbito nacional, autores de diversas categorias da literatura brasileira. Diante de uma diversidade de vozes liter\u00e1rias em constante e viva produ\u00e7\u00e3o, boa parte dos artistas \u00e9 pouco conhecida fora das localidades onde atuam, o que demanda uma necessidade de interc\u00e2mbio para fazer circular suas obras e ideias e tamb\u00e9m as diversas vertentes da literatura.<\/p>\n<p class=\"x_MsoNormal\">Sobre os autores \u2013 Nicolas Behr \u00e9 natural de Cuiab\u00e1, mas mora em Bras\u00edlia desde 1974. Tr\u00eas anos depois lan\u00e7ou seu livrinho mimeografado, &#8220;Iogurte com Farinha&#8221;, o primeiro de muitos. A partir de 1980 passa a trabalhar como redator em ag\u00eancias de publicidade e se engaja no movimento ecol\u00f3gico. Em 2015 o Instituto de Letras da Universidade de Bras\u00edlia instituiu o &#8220;Pr\u00eamio Nicolas Behr de Literatura&#8221;.<\/p>\n<p class=\"x_MsoNormal\">Bruna Beber nasceu no Rio de Janeiro, e vive em S\u00e3o Paulo desde 2007. \u00c9 poeta e tradutora. Estreou na poesia com a &#8220;Fila sem fim dos dem\u00f4nios descontentes&#8221;. Seus poemas j\u00e1 foram publicados em antologias e sites na Alemanha, Argentina, Espanha, It\u00e1lia, M\u00e9xico e Portugal. J\u00e1 participou como autora convidada de diversos eventos liter\u00e1rios no Brasil e no exterior, entre as mais recentes a FLIP (Festa Liter\u00e1ria Internacional de Paraty), em 2013, e a Gutemburg Book Fair 2014, na Su\u00e9cia, integrando a comiss\u00e3o oficial de escritores que representaram o Brasil.<\/p>\n<p class=\"x_MsoNormal\">At\u00e9 novembro, o circuito de 2018 do Arte da Palavra ter\u00e1 24 a\u00e7\u00f5es em todas as cadeias da literatura, trazendo autores de todas as regi\u00f5es do Pa\u00eds, desde a forma\u00e7\u00e3o e divulga\u00e7\u00e3o de novos escritores, a valoriza\u00e7\u00e3o das obras e escritores brasileiros e as novas formas de produ\u00e7\u00e3o e frui\u00e7\u00e3o liter\u00e1ria que se d\u00e1 a partir dos debates que trar\u00e3o nomes de peso da literatura contempor\u00e2nea nacional.<\/p>\n<p class=\"x_MsoNormal\">Servi\u00e7o \u2013 O Sesc Corumb\u00e1 fica na rua 13 de junho, 1703 \u2013 Centro. A Pra\u00e7a C\u00e9u fica na rua Mal. Deodoro, 2185 &#8211; Popular Nova. Saiba mais sobre o projeto no site\u00a0<a href=\"http:\/\/sesc.com.br\/artedapalavra\" target=\"_blank\" rel=\"noopener noreferrer\">sesc.com.br\/artedapalavra<\/a>\u00a0e acompanhe a programa\u00e7\u00e3o do Sesc no site\u00a0<a href=\"http:\/\/sesc.ms\/\" target=\"_blank\" rel=\"noopener noreferrer\">sesc.ms<\/a>. Saiba mais sobre os autores nos sites\u00a0<a href=\"http:\/\/brunabeber.com.br\/\" target=\"_blank\" rel=\"noopener noreferrer\">brunabeber.com.br<\/a>\u00a0e <a href=\"http:\/\/nicolasbehr.com.br\/\" target=\"_blank\" rel=\"noopener noreferrer\">nicolasbehr.com.br<\/a><\/p>\n","protected":false},"excerpt":{"rendered":"<p>No dia 16 de agosto o projeto Arte da Palavra &#8211; Rede Sesc de Leituras&#8230;<\/p>\n","protected":false},"author":1,"featured_media":0,"comment_status":"closed","ping_status":"closed","sticky":false,"template":"","format":"standard","meta":{"footnotes":""},"categories":[7],"tags":[],"class_list":["post-20887","post","type-post","status-publish","format-standard","hentry","category-cultura"],"_links":{"self":[{"href":"https:\/\/www.corumbaonline.com.br\/news\/wp-json\/wp\/v2\/posts\/20887","targetHints":{"allow":["GET"]}}],"collection":[{"href":"https:\/\/www.corumbaonline.com.br\/news\/wp-json\/wp\/v2\/posts"}],"about":[{"href":"https:\/\/www.corumbaonline.com.br\/news\/wp-json\/wp\/v2\/types\/post"}],"author":[{"embeddable":true,"href":"https:\/\/www.corumbaonline.com.br\/news\/wp-json\/wp\/v2\/users\/1"}],"replies":[{"embeddable":true,"href":"https:\/\/www.corumbaonline.com.br\/news\/wp-json\/wp\/v2\/comments?post=20887"}],"version-history":[{"count":1,"href":"https:\/\/www.corumbaonline.com.br\/news\/wp-json\/wp\/v2\/posts\/20887\/revisions"}],"predecessor-version":[{"id":20888,"href":"https:\/\/www.corumbaonline.com.br\/news\/wp-json\/wp\/v2\/posts\/20887\/revisions\/20888"}],"wp:attachment":[{"href":"https:\/\/www.corumbaonline.com.br\/news\/wp-json\/wp\/v2\/media?parent=20887"}],"wp:term":[{"taxonomy":"category","embeddable":true,"href":"https:\/\/www.corumbaonline.com.br\/news\/wp-json\/wp\/v2\/categories?post=20887"},{"taxonomy":"post_tag","embeddable":true,"href":"https:\/\/www.corumbaonline.com.br\/news\/wp-json\/wp\/v2\/tags?post=20887"}],"curies":[{"name":"wp","href":"https:\/\/api.w.org\/{rel}","templated":true}]}}