{"id":20892,"date":"2018-08-06T11:14:58","date_gmt":"2018-08-06T15:14:58","guid":{"rendered":"http:\/\/www.corumbaonline.com.br\/news\/?p=20892"},"modified":"2018-08-06T11:32:24","modified_gmt":"2018-08-06T15:32:24","slug":"com-patrulha-maria-da-penha-corumba-e-prefeitura-amiga-da-mulher","status":"publish","type":"post","link":"https:\/\/www.corumbaonline.com.br\/news\/com-patrulha-maria-da-penha-corumba-e-prefeitura-amiga-da-mulher\/","title":{"rendered":"Com Patrulha Maria da Penha, Corumb\u00e1 \u00e9 &#8216;Prefeitura Amiga da Mulher&#8217;"},"content":{"rendered":"<p>Com o projeto \u2018Patrulha Maria da Penha\u2019, a Prefeitura de Corumb\u00e1 ganhou o reconhecimento de \u201cPrefeitura Amiga da Mulher\u201d. O selo social premia pol\u00edticas p\u00fablicas desenvolvidas pelos munic\u00edpios no combate e enfrentamento \u00e0 viol\u00eancia contra a mulher e incentivo ao empreendedorismo feminino.<\/p>\n<p>&nbsp;<\/p>\n<p>A escolha foi feita pela Subsecretaria Estadual de Pol\u00edticas P\u00fablicas para Mulheres com o prop\u00f3sito de fomentar a discuss\u00e3o sobre a necessidade de os agentes p\u00fablicos desenvolverem pol\u00edticas p\u00fablicas de combate aos preconceitos e discrimina\u00e7\u00f5es contra mulheres e meninas, al\u00e9m de garantias e prote\u00e7\u00e3o aos direitos \u00e0quelas em situa\u00e7\u00e3o de viol\u00eancia.<\/p>\n<p>&nbsp;<\/p>\n<p>A premia\u00e7\u00e3o aconteceu durante o semin\u00e1rio estadual &#8220;Enfrentamento \u00e0 Viol\u00eancia Contra as Mulheres&#8221;, realizado em Campo Grande entre os dias 1\u00b0 e 03 de agosto. O evento discutiu a Lei Maria da Penha e a Lei do Feminic\u00eddio; avaliar o fen\u00f4meno da viol\u00eancia de g\u00eanero e as politicas de preven\u00e7\u00e3o, prote\u00e7\u00e3o e atendimento \u00e0s mulheres v\u00edtimas de viol\u00eancia existentes em Mato Grosso do Sul. O semin\u00e1rio tamb\u00e9m marcou o lan\u00e7amento da campanha \u201cAgosto Lil\u00e1s\u201d.<\/p>\n<p>&nbsp;<\/p>\n<p>Coordenadora de Pol\u00edticas P\u00fablicas para a Mulher, W\u00e2nia de Alecrim de Lima, participou do evento, representando a Prefeitura Municipal de Corumb\u00e1, e recebeu o selo social \u201cPrefeitura Amiga da Mulher\u201d das m\u00e3os da professora doutora, Bartolina Ramalho Catanante. \u201cAgrade\u00e7o ao prefeito Marcelo Iunes e a secret\u00e1ria Especial de Cidadania e Direitos Humanos, Amanda Iunes, e a todos que contribu\u00edram para a implanta\u00e7\u00e3o e em todo o processo\u201d, disse W\u00e2nia.<\/p>\n<p>&nbsp;<\/p>\n<p>A equipe de Corumb\u00e1, participante do semin\u00e1rio estadual &#8220;Enfrentamento \u00e0 Viol\u00eancia Contra as Mulheres&#8221;, contou com representantes da Secretaria Municipal de Assist\u00eancia Social; NASF Sa\u00fade; Guarda Municipal; Comiss\u00e3o da OAB\/Corumb\u00e1; Quilombolas; Movimento Social de Mulheres Volunt\u00e1rias; UFMS e Conselho da Mulher.<\/p>\n<p>&nbsp;<\/p>\n<p><strong>A Patrulha Maria da Penha<\/strong><\/p>\n<p>&nbsp;<\/p>\n<p>Criada pelo prefeito Marcelo Iunes em janeiro deste ano, por meio do Decreto 1.907, a Patrulha Maria de Penha (PMP) tem como objetivo acompanhar e atender mulheres em situa\u00e7\u00e3o de vulnerabilidade v\u00edtimas de viol\u00eancia dom\u00e9stica e familiar, al\u00e9m de fiscalizar o cumprimento das medidas protetivas de urg\u00eancia. A Guarda Municipal de Corumb\u00e1 vai ser a respons\u00e1vel pelo desenvolvimento da a\u00e7\u00e3o em parceria com a Secretaria Especial de Cidadania e Direitos Humanos.<\/p>\n<p>&nbsp;<\/p>\n<p>Inicialmente, a Patrulha vai funcionar com viatura, quatro Guardas Municipais &#8211; efetivo que poder\u00e1 ser ampliado gradativamente &#8211; e ter\u00e1 uma Coordenadoria. As equipes da Patrulha v\u00e3o fazer visitas regulares \u00e0s vitimas de viol\u00eancia com medidas protetivas. Nas visitas ser\u00e1 verificado se a mulher foi agredida, maltratada e tamb\u00e9m ser houve desrespeito \u00e0 medida protetiva determinada pela Justi\u00e7a. Se for constatado o descumprimento da medida, a informa\u00e7\u00e3o ser\u00e1 encaminhada ao Minist\u00e9rio P\u00fablico e Poder Judici\u00e1rio. Isso far\u00e1 com que o juiz adote medida mais gravosa contra o agressor, que pode seja a pris\u00e3o imediata. O trabalho ser\u00e1 realizado em parceria das secretarias especiais de Seguran\u00e7a P\u00fablica e Defesa Social e de Cidadania e Direitos Humanos.<\/p>\n","protected":false},"excerpt":{"rendered":"<p>Com o projeto \u2018Patrulha Maria da Penha\u2019, a Prefeitura de Corumb\u00e1 ganhou o reconhecimento de&#8230;<\/p>\n","protected":false},"author":1,"featured_media":20893,"comment_status":"closed","ping_status":"closed","sticky":false,"template":"","format":"standard","meta":{"footnotes":""},"categories":[14],"tags":[],"class_list":["post-20892","post","type-post","status-publish","format-standard","has-post-thumbnail","hentry","category-geral"],"_links":{"self":[{"href":"https:\/\/www.corumbaonline.com.br\/news\/wp-json\/wp\/v2\/posts\/20892","targetHints":{"allow":["GET"]}}],"collection":[{"href":"https:\/\/www.corumbaonline.com.br\/news\/wp-json\/wp\/v2\/posts"}],"about":[{"href":"https:\/\/www.corumbaonline.com.br\/news\/wp-json\/wp\/v2\/types\/post"}],"author":[{"embeddable":true,"href":"https:\/\/www.corumbaonline.com.br\/news\/wp-json\/wp\/v2\/users\/1"}],"replies":[{"embeddable":true,"href":"https:\/\/www.corumbaonline.com.br\/news\/wp-json\/wp\/v2\/comments?post=20892"}],"version-history":[{"count":1,"href":"https:\/\/www.corumbaonline.com.br\/news\/wp-json\/wp\/v2\/posts\/20892\/revisions"}],"predecessor-version":[{"id":20894,"href":"https:\/\/www.corumbaonline.com.br\/news\/wp-json\/wp\/v2\/posts\/20892\/revisions\/20894"}],"wp:featuredmedia":[{"embeddable":true,"href":"https:\/\/www.corumbaonline.com.br\/news\/wp-json\/wp\/v2\/media\/20893"}],"wp:attachment":[{"href":"https:\/\/www.corumbaonline.com.br\/news\/wp-json\/wp\/v2\/media?parent=20892"}],"wp:term":[{"taxonomy":"category","embeddable":true,"href":"https:\/\/www.corumbaonline.com.br\/news\/wp-json\/wp\/v2\/categories?post=20892"},{"taxonomy":"post_tag","embeddable":true,"href":"https:\/\/www.corumbaonline.com.br\/news\/wp-json\/wp\/v2\/tags?post=20892"}],"curies":[{"name":"wp","href":"https:\/\/api.w.org\/{rel}","templated":true}]}}