{"id":20895,"date":"2018-08-06T11:33:26","date_gmt":"2018-08-06T15:33:26","guid":{"rendered":"http:\/\/www.corumbaonline.com.br\/news\/?p=20895"},"modified":"2018-08-06T11:49:18","modified_gmt":"2018-08-06T15:49:18","slug":"saude-abre-consulta-publica-para-novo-guia-alimentar-infantil","status":"publish","type":"post","link":"https:\/\/www.corumbaonline.com.br\/news\/saude-abre-consulta-publica-para-novo-guia-alimentar-infantil\/","title":{"rendered":"Sa\u00fade abre consulta p\u00fablica para novo guia alimentar infantil"},"content":{"rendered":"<p>Amamentar at\u00e9 que idade? Quando come\u00e7ar a dar alimentos? Que alimentos posso oferecer ao beb\u00ea? Essas s\u00e3o algumas das in\u00fameras d\u00favidas que surgem com a chegada de um novo integrante na fam\u00edlia. Para ajudar pais e respons\u00e1veis, foi criado, em 2002, o Guia Alimentar para Crian\u00e7as Menores de Dois anos. Neste ano, o documento ser\u00e1 atualizado. O material est\u00e1 em<a href=\"http:\/\/portalms.saude.gov.br\/audiencias-e-consultas-publicas\/43839-consulta-publica-n-4-guia-alimentar-para-criancas-menores-de-2-anos\" target=\"_blank\" rel=\"noopener noreferrer\">\u00a0consulta p\u00fablica<\/a>\u00a0at\u00e9 25 de agosto.<\/p>\n<p>De acordo com o Minist\u00e9rio da Sa\u00fade, os dois primeiros anos de vida s\u00e3o decisivos para o crescimento e o desenvolvimento adequado da crian\u00e7a e tamb\u00e9m para a forma\u00e7\u00e3o de h\u00e1bitos e para garantir sa\u00fade durante toda a vida. \u201cA alimenta\u00e7\u00e3o tem papel fundamental em todo esse processo\u201d, ressaltou a pasta.<\/p>\n<p>A nova edi\u00e7\u00e3o do documento est\u00e1 alinhada com o Guia Alimentar para a Popula\u00e7\u00e3o Brasileira e traz recomenda\u00e7\u00f5es sobre a alimenta\u00e7\u00e3o das crian\u00e7as nos dois primeiros anos de vida, para promover sa\u00fade, crescimento e desenvolvimento. \u201cO guia pretende ser um apoio \u00e0 fam\u00edlia no cuidado cotidiano \u00e0 crian\u00e7a, tanto nos momentos de d\u00favida, durante o aleitamento materno, como no enfrentamento aos desafios cotidianos, no est\u00edmulo \u00e0 pr\u00e1tica da cozinha e do comer juntos\u201d.<\/p>\n<p>A atualiza\u00e7\u00e3o deve subsidiar a\u00e7\u00f5es de educa\u00e7\u00e3o alimentar e nutricional em \u00e2mbito individual e coletivo no Sistema \u00danico de Sa\u00fade (SUS) e em outros setores. \u201c\u00c9 essa a perspectiva, apresentar as informa\u00e7\u00f5es necess\u00e1rias para incentivar, apoiar, proteger e promover a sa\u00fade e a seguran\u00e7a alimentar e nutricional da popula\u00e7\u00e3o menor de 2 anos de idade\u201d, disse o minist\u00e9rio.<\/p>\n","protected":false},"excerpt":{"rendered":"<p>Amamentar at\u00e9 que idade? Quando come\u00e7ar a dar alimentos? Que alimentos posso oferecer ao beb\u00ea?&#8230;<\/p>\n","protected":false},"author":1,"featured_media":20897,"comment_status":"closed","ping_status":"closed","sticky":false,"template":"","format":"standard","meta":{"footnotes":""},"categories":[21],"tags":[],"class_list":["post-20895","post","type-post","status-publish","format-standard","has-post-thumbnail","hentry","category-saude"],"_links":{"self":[{"href":"https:\/\/www.corumbaonline.com.br\/news\/wp-json\/wp\/v2\/posts\/20895","targetHints":{"allow":["GET"]}}],"collection":[{"href":"https:\/\/www.corumbaonline.com.br\/news\/wp-json\/wp\/v2\/posts"}],"about":[{"href":"https:\/\/www.corumbaonline.com.br\/news\/wp-json\/wp\/v2\/types\/post"}],"author":[{"embeddable":true,"href":"https:\/\/www.corumbaonline.com.br\/news\/wp-json\/wp\/v2\/users\/1"}],"replies":[{"embeddable":true,"href":"https:\/\/www.corumbaonline.com.br\/news\/wp-json\/wp\/v2\/comments?post=20895"}],"version-history":[{"count":1,"href":"https:\/\/www.corumbaonline.com.br\/news\/wp-json\/wp\/v2\/posts\/20895\/revisions"}],"predecessor-version":[{"id":20896,"href":"https:\/\/www.corumbaonline.com.br\/news\/wp-json\/wp\/v2\/posts\/20895\/revisions\/20896"}],"wp:featuredmedia":[{"embeddable":true,"href":"https:\/\/www.corumbaonline.com.br\/news\/wp-json\/wp\/v2\/media\/20897"}],"wp:attachment":[{"href":"https:\/\/www.corumbaonline.com.br\/news\/wp-json\/wp\/v2\/media?parent=20895"}],"wp:term":[{"taxonomy":"category","embeddable":true,"href":"https:\/\/www.corumbaonline.com.br\/news\/wp-json\/wp\/v2\/categories?post=20895"},{"taxonomy":"post_tag","embeddable":true,"href":"https:\/\/www.corumbaonline.com.br\/news\/wp-json\/wp\/v2\/tags?post=20895"}],"curies":[{"name":"wp","href":"https:\/\/api.w.org\/{rel}","templated":true}]}}