{"id":20900,"date":"2018-08-06T12:00:14","date_gmt":"2018-08-06T16:00:14","guid":{"rendered":"http:\/\/www.corumbaonline.com.br\/news\/?p=20900"},"modified":"2018-08-06T12:04:28","modified_gmt":"2018-08-06T16:04:28","slug":"sd-oficializa-apoio-a-azambuja-e-quer-eleger-um-deputado-federal-e-dois-estaduais","status":"publish","type":"post","link":"https:\/\/www.corumbaonline.com.br\/news\/sd-oficializa-apoio-a-azambuja-e-quer-eleger-um-deputado-federal-e-dois-estaduais\/","title":{"rendered":"SD oficializa apoio \u00e0 Azambuja e quer eleger um deputado federal e dois estaduais"},"content":{"rendered":"<p>Em conven\u00e7\u00e3o realizada neste s\u00e1bado (04) cerca de 300 lideran\u00e7as do Solidariedade estiveram reunidas, no sal\u00e3o de eventos de um hotel de Campo Grande, para deliberar \u00e0s candidaturas \u00e0 deputado estadual e federal, al\u00e9m das coliga\u00e7\u00f5es estaduais e por aclama\u00e7\u00e3o aprovaram o apoio \u00e0 candidatura do atual governador, Reinaldo Azambuja, candidato \u00e0 reelei\u00e7\u00e3o.<\/p>\n<p>O dirigente estadual Jornalista Bosco Martins, abriu a reuni\u00e3o dando o tom a conven\u00e7\u00e3o e convocando os militantes do partido, afirmou ser este\u00a0 o momento do SD \u201carrega\u00e7ar as mangas para reeleger o governador que colocou o MS no rumo certo,\u201d e concluiu \u00a0dizendo \u00a0que que estava presente ali naquele encontro, \u00a0\u201centrando\u00a0\u00a0 em campo o melhor time da nossa sele\u00e7\u00e3o Alaranjada\u201d fazendo refer\u00eancia a cor partid\u00e1ria do SD e\u00a0 dos nome que foram confirmados\u00a0 como candidatos a deputado estadual e Federal pelo SD. O secret\u00e1rio geral do partido Adauto Almeida que tamb\u00e9m \u00a0comandou o encontro juntamente com o vice-presidente Alessandro Menezes, disse que o objetivo na aprova\u00e7\u00e3o desta coliga\u00e7\u00e3o \u00e9 o de \u201celegermos um \u00a0deputado federal e 2 \u00a0deputados estaduais, buscando um terceiro na sobra\u201d.<\/p>\n<p>Foram confirmados de uma lista maior seis candidatos a deputado estadual pelo SD s\u00e3o eles: Deputado Herculano Borges que concorre \u00e0 reelei\u00e7\u00e3o, vereador Lucas de Lima, vereador Chic\u00e3o Viana de Corumb\u00e1, Celso Vargas, ex-prefeito de Maracaju, professor universit\u00e1rio Ojeda e Sergio Ribeiro, empres\u00e1rio imobili\u00e1rio.<\/p>\n<p>Para Deputado Federal concorrem: O atual vice-prefeito de Tr\u00eas Lagoas, o m\u00e9dico Paulo Salom\u00e3o, e a suboficial da Marinha Brasileira em Lad\u00e1rio, Mabel Carneiro da Silva, que \u00e9 a outra candidata \u00e0 Federal pelo partido. O vice-presidente Alessandro Menezes explicou que o \u201c Solidariedade dever\u00e1 compor na \u00a0\u00a0coliga\u00e7\u00e3o proporcional com o PSDB, formando uma chapa com o PSL, PPS, PSB, PMB, SD, PTB, PP, para concorrer a deputado estadual e na chapa para deputado Federal s\u00e3o os mesmos partidos, menos o PP e O PTB, que s\u00f3 somar\u00e3o para estadual, pois na proporcional de federal estar\u00e3o no chap\u00e3o do PSDB, \u201d finalizou.<\/p>\n<p>O presidente estatual, Idelmar da Motta lembrou que o SD tem \u201ccerca de 5 mil filados no interior e na capital e est\u00e1 formado em 50 munic\u00edpios, sendo que elegeu nesses quatro anos de exist\u00eancia cerca de 18 vereadores e dois vice-prefeitos.<\/p>\n","protected":false},"excerpt":{"rendered":"<p>Em conven\u00e7\u00e3o realizada neste s\u00e1bado (04) cerca de 300 lideran\u00e7as do Solidariedade estiveram reunidas, no&#8230;<\/p>\n","protected":false},"author":1,"featured_media":20901,"comment_status":"closed","ping_status":"closed","sticky":false,"template":"","format":"standard","meta":{"footnotes":""},"categories":[101,19],"tags":[],"class_list":["post-20900","post","type-post","status-publish","format-standard","has-post-thumbnail","hentry","category-eleicoes","category-politica"],"_links":{"self":[{"href":"https:\/\/www.corumbaonline.com.br\/news\/wp-json\/wp\/v2\/posts\/20900","targetHints":{"allow":["GET"]}}],"collection":[{"href":"https:\/\/www.corumbaonline.com.br\/news\/wp-json\/wp\/v2\/posts"}],"about":[{"href":"https:\/\/www.corumbaonline.com.br\/news\/wp-json\/wp\/v2\/types\/post"}],"author":[{"embeddable":true,"href":"https:\/\/www.corumbaonline.com.br\/news\/wp-json\/wp\/v2\/users\/1"}],"replies":[{"embeddable":true,"href":"https:\/\/www.corumbaonline.com.br\/news\/wp-json\/wp\/v2\/comments?post=20900"}],"version-history":[{"count":1,"href":"https:\/\/www.corumbaonline.com.br\/news\/wp-json\/wp\/v2\/posts\/20900\/revisions"}],"predecessor-version":[{"id":20902,"href":"https:\/\/www.corumbaonline.com.br\/news\/wp-json\/wp\/v2\/posts\/20900\/revisions\/20902"}],"wp:featuredmedia":[{"embeddable":true,"href":"https:\/\/www.corumbaonline.com.br\/news\/wp-json\/wp\/v2\/media\/20901"}],"wp:attachment":[{"href":"https:\/\/www.corumbaonline.com.br\/news\/wp-json\/wp\/v2\/media?parent=20900"}],"wp:term":[{"taxonomy":"category","embeddable":true,"href":"https:\/\/www.corumbaonline.com.br\/news\/wp-json\/wp\/v2\/categories?post=20900"},{"taxonomy":"post_tag","embeddable":true,"href":"https:\/\/www.corumbaonline.com.br\/news\/wp-json\/wp\/v2\/tags?post=20900"}],"curies":[{"name":"wp","href":"https:\/\/api.w.org\/{rel}","templated":true}]}}