{"id":20913,"date":"2018-08-06T17:15:32","date_gmt":"2018-08-06T21:15:32","guid":{"rendered":"http:\/\/www.corumbaonline.com.br\/news\/?p=20913"},"modified":"2018-08-06T17:29:26","modified_gmt":"2018-08-06T21:29:26","slug":"defesa-de-lula-desiste-de-pedido-de-liberdade-no-stf","status":"publish","type":"post","link":"https:\/\/www.corumbaonline.com.br\/news\/defesa-de-lula-desiste-de-pedido-de-liberdade-no-stf\/","title":{"rendered":"Defesa de Lula desiste de pedido de liberdade no STF"},"content":{"rendered":"<p>A defesa do ex-presidente Luiz In\u00e1cio Lula da Silva apresentou\u00a0hoje\u00a0(6) desist\u00eancia do recurso no qual pedia que ele aguarde em liberdade o julgamento de recursos contra sua condena\u00e7\u00e3o na Opera\u00e7\u00e3o Lava Jato. O caso poderia ser julgado nesta semana pela Corte.<\/p>\n<p>Na peti\u00e7\u00e3o, a defesa alegou que pediu que somente a suspens\u00e3o da condena\u00e7\u00e3o fosse julgada, e n\u00e3o a quest\u00e3o sobre a inelegibilidade de Lula. A desist\u00eancia precisa ser homologada pelo relator, ministro Edson Fachin.<\/p>\n<p>Desde junho, quando entrou com recurso na\u00a0Segunda\u00a0Turma da Corte, a defesa de Lula pretende que a Corte julgue somente a concess\u00e3o de liberdade e tenta evitar\u00a0que o plen\u00e1rio analise a quest\u00e3o da inelegibilidade para as elei\u00e7\u00f5es\u00a0de outubro\u00a0deste ano porque o ex-presidente\u00a0ainda pode ser beneficiado por uma liminar e disputar as elei\u00e7\u00f5es caso tenha a candidatura barrada.<\/p>\n<p>Com a confirma\u00e7\u00e3o da condena\u00e7\u00e3o na Lava Jato a 12 anos de pris\u00e3o pela\u00a0segunda\u00a0inst\u00e2ncia da Justi\u00e7a Federal, o ex-presidente pode ser enquadrado na Lei da Ficha Limpa, que impede\u00a0a candidatura de condenados pelos \u00f3rg\u00e3os colegiados da Justi\u00e7a.<\/p>\n<h2>Recurso<\/h2>\n<p>No dia\u00a022 de junho, Fachin enviou pedido de liberdade do ex-presidente para julgamento pelo plen\u00e1rio, e n\u00e3o na turma, como queria a defesa. Ao justificar o envio, Fachin disse que a quest\u00e3o deve ser tratada pela Corte por passar pela an\u00e1lise do trecho da Lei da Ficha Limpa, que prev\u00ea a suspens\u00e3o da inelegibilidade \u201csempre que existir plausibilidade da pretens\u00e3o recursal\u201d.<\/p>\n<p>No entanto, a defesa de Lula recorreu e afirmou que a an\u00e1lise da quest\u00e3o n\u00e3o foi solicitada.\u00a0\u201cO embargante requereu exclusivamente a suspens\u00e3o dos efeitos dos ac\u00f3rd\u00e3os proferidos pelo Tribunal de Apela\u00e7\u00e3o para restabelecer sua liberdade plena. A peti\u00e7\u00e3o inicial, nesse sentido, \u00e9 de hialina [l\u00edmpida] clareza ao requerer o efeito suspensivo para impedir a &#8216;execu\u00e7\u00e3o provis\u00f3ria da pena at\u00e9 o julgamento final do caso pelo Supremo Tribunal Federal&#8217;\u201d, sustentou a defesa.<\/p>\n","protected":false},"excerpt":{"rendered":"<p>A defesa do ex-presidente Luiz In\u00e1cio Lula da Silva apresentou\u00a0hoje\u00a0(6) desist\u00eancia do recurso no qual&#8230;<\/p>\n","protected":false},"author":1,"featured_media":0,"comment_status":"closed","ping_status":"closed","sticky":false,"template":"","format":"standard","meta":{"footnotes":""},"categories":[101,19],"tags":[],"class_list":["post-20913","post","type-post","status-publish","format-standard","hentry","category-eleicoes","category-politica"],"_links":{"self":[{"href":"https:\/\/www.corumbaonline.com.br\/news\/wp-json\/wp\/v2\/posts\/20913","targetHints":{"allow":["GET"]}}],"collection":[{"href":"https:\/\/www.corumbaonline.com.br\/news\/wp-json\/wp\/v2\/posts"}],"about":[{"href":"https:\/\/www.corumbaonline.com.br\/news\/wp-json\/wp\/v2\/types\/post"}],"author":[{"embeddable":true,"href":"https:\/\/www.corumbaonline.com.br\/news\/wp-json\/wp\/v2\/users\/1"}],"replies":[{"embeddable":true,"href":"https:\/\/www.corumbaonline.com.br\/news\/wp-json\/wp\/v2\/comments?post=20913"}],"version-history":[{"count":1,"href":"https:\/\/www.corumbaonline.com.br\/news\/wp-json\/wp\/v2\/posts\/20913\/revisions"}],"predecessor-version":[{"id":20914,"href":"https:\/\/www.corumbaonline.com.br\/news\/wp-json\/wp\/v2\/posts\/20913\/revisions\/20914"}],"wp:attachment":[{"href":"https:\/\/www.corumbaonline.com.br\/news\/wp-json\/wp\/v2\/media?parent=20913"}],"wp:term":[{"taxonomy":"category","embeddable":true,"href":"https:\/\/www.corumbaonline.com.br\/news\/wp-json\/wp\/v2\/categories?post=20913"},{"taxonomy":"post_tag","embeddable":true,"href":"https:\/\/www.corumbaonline.com.br\/news\/wp-json\/wp\/v2\/tags?post=20913"}],"curies":[{"name":"wp","href":"https:\/\/api.w.org\/{rel}","templated":true}]}}