{"id":20920,"date":"2018-08-07T08:05:58","date_gmt":"2018-08-07T12:05:58","guid":{"rendered":"http:\/\/www.corumbaonline.com.br\/news\/?p=20920"},"modified":"2018-08-07T08:19:50","modified_gmt":"2018-08-07T12:19:50","slug":"sem-data-para-votacao-stf-encerra-debate-sobre-descriminalizar-aborto","status":"publish","type":"post","link":"https:\/\/www.corumbaonline.com.br\/news\/sem-data-para-votacao-stf-encerra-debate-sobre-descriminalizar-aborto\/","title":{"rendered":"Sem data para vota\u00e7\u00e3o, STF encerra debate sobre descriminalizar aborto"},"content":{"rendered":"<p>Terminou na noite de ontem, 06 de agosto, a audi\u00eancia p\u00fablica convocada pela ministra Rosa Weber, do Supremo Tribunal Federal (STF), para elaborar relat\u00f3rio do julgamento da a\u00e7\u00e3o que visa a declarar inconstitucionais os artigos 124 e 126 do C\u00f3digo Penal, que criminalizam a pr\u00e1tica do aborto.<\/p>\n<p>A argui\u00e7\u00e3o de descumprimento de preceito fundamental (a ADPF 442), foi apresentada pelo PSOL e descriminaliza mulheres que fa\u00e7am a interrup\u00e7\u00e3o volunt\u00e1ria da gesta\u00e7\u00e3o at\u00e9 a 12\u00aa semana da gravidez. Caso o julgamento acolha a a\u00e7\u00e3o, a equipe m\u00e9dica envolvida no procedimento tamb\u00e9m n\u00e3o poder\u00e1 ser punida.<\/p>\n<p>N\u00e3o h\u00e1 prazo para Rosa Weber apresentar o seu parecer. No encerramento da audi\u00eancia, a ministra declarou que o \u201cpr\u00f3ximo tempo \u00e9 de reflex\u00e3o\u201d. A ministra n\u00e3o costuma atender \u00e0 imprensa e n\u00e3o respondeu perguntas sobre eventual data de julgamento.<\/p>\n<div class=\"dnd-widget-wrapper context-cheio_8colunas type-image\">\n<div class=\"dnd-atom-rendered\">\n<figure class=\"mejs-fotoh-wrapper\">\n<p><figure style=\"width: 754px\" class=\"wp-caption alignnone\"><img loading=\"lazy\" decoding=\"async\" class=\"img-responsive full full\" title=\"Marcelo Camargo\/Ag\u00eancia Brasil\/Ag\u00eancia Brasil\" src=\"http:\/\/imagens.ebc.com.br\/EOcXl2h-MvMdRYWEJA2ibkCm47k=\/754x0\/smart\/http:\/\/agenciabrasil.ebc.com.br\/sites\/default\/files\/thumbnails\/image\/img_8037df.jpg?itok=7EMPJyt-\" alt=\"A ministra Rosa Weber e a presidente do Supremo Tribunal Federal (STF), C\u00e1rmem L\u00facia, durante a segunda e \u00faltima audi\u00eancia p\u00fablica sobre descriminaliza\u00e7\u00e3o do aborto. \" width=\"754\" height=\"503\" \/><figcaption class=\"wp-caption-text\">A ministra Rosa Weber e a presidente do Supremo Tribunal Federal (STF), C\u00e1rmem L\u00facia, ouvem convidado na \u00faltima audi\u00eancia p\u00fablica sobre descriminaliza\u00e7\u00e3o do aborto &#8211; Marcelo Camargo\/Ag\u00eancia Brasil<\/figcaption><\/figure><\/figure>\n<\/div>\n<\/div>\n<p>Expositores que participaram da audi\u00eancia e foram ouvidos pela Ag\u00eancia Brasil acreditam que a equipe de Rosa Weber utilizar\u00e1 argumentos ouvidos ontem e na \u00faltima sexta-feira para subsidiar o voto da ministra.<\/p>\n<p>Ao concluir o voto, ela encaminhar\u00e1 relat\u00f3rio aos demais ministros do STF. Antes disso, Rosa Weber dever\u00e1 pedir manifesta\u00e7\u00e3o da Procuradoria-Geral da Rep\u00fablica e tamb\u00e9m decidir sobre as demandas de institui\u00e7\u00f5es que querem se manifestar como amicus curiae (amigo da corte) associado \u00e0 causa, durante o julgamento no Plen\u00e1rio do Supremo.<\/p>\n<h2>Descriminaliza\u00e7\u00e3o<\/h2>\n<p>Tanto nesta segunda-feira como na sexta-feira, participantes e expectadores da audi\u00eancia avaliaram que foram ouvidas mais pessoas favor\u00e1veis \u00e0 descriminaliza\u00e7\u00e3o do que contr\u00e1rias.<\/p>\n<p>A professora de Direito Jana\u00edna Paschoal, uma das autoras do impeachment da ex-presidente Dilma Rousseff, e que participou do debate dos juristas sobre a descriminaliza\u00e7\u00e3o do aborto, assinalou que na tarde de hoje havia mais expositores pr\u00f3-ADPF, mas considerou \u201cnatural\u201d. Segundo ela, \u201co pessoal que defende essa causa \u00e9 muito organizado e unido\u201d, disse, sem responsabilizar o STF ou criticar Rosa Weber.<\/p>\n<p>A Defensora P\u00fablica do Estado de S\u00e3o Paulo ponderou que \u00e9 comum que a parte que demanda tenha mais participa\u00e7\u00e3o em audi\u00eancias, mas lembrou que \u201cfoi a ministra que escolheu a partir de inscri\u00e7\u00f5es\u201d. De acordo com o Supremo, foram recebidos mais de 180 pedidos para participar da audi\u00eancia, foram acolhidos 52 pedidos, conforme \u201crepresentatividade adequada, especializa\u00e7\u00e3o t\u00e9cnica e\/ou jur\u00eddica e garantia da pluralidade da composi\u00e7\u00e3o da audi\u00eancia\u201d.<\/p>\n","protected":false},"excerpt":{"rendered":"<p>Terminou na noite de ontem, 06 de agosto, a audi\u00eancia p\u00fablica convocada pela ministra Rosa&#8230;<\/p>\n","protected":false},"author":1,"featured_media":0,"comment_status":"closed","ping_status":"closed","sticky":false,"template":"","format":"standard","meta":{"footnotes":""},"categories":[14],"tags":[],"class_list":["post-20920","post","type-post","status-publish","format-standard","hentry","category-geral"],"_links":{"self":[{"href":"https:\/\/www.corumbaonline.com.br\/news\/wp-json\/wp\/v2\/posts\/20920","targetHints":{"allow":["GET"]}}],"collection":[{"href":"https:\/\/www.corumbaonline.com.br\/news\/wp-json\/wp\/v2\/posts"}],"about":[{"href":"https:\/\/www.corumbaonline.com.br\/news\/wp-json\/wp\/v2\/types\/post"}],"author":[{"embeddable":true,"href":"https:\/\/www.corumbaonline.com.br\/news\/wp-json\/wp\/v2\/users\/1"}],"replies":[{"embeddable":true,"href":"https:\/\/www.corumbaonline.com.br\/news\/wp-json\/wp\/v2\/comments?post=20920"}],"version-history":[{"count":1,"href":"https:\/\/www.corumbaonline.com.br\/news\/wp-json\/wp\/v2\/posts\/20920\/revisions"}],"predecessor-version":[{"id":20921,"href":"https:\/\/www.corumbaonline.com.br\/news\/wp-json\/wp\/v2\/posts\/20920\/revisions\/20921"}],"wp:attachment":[{"href":"https:\/\/www.corumbaonline.com.br\/news\/wp-json\/wp\/v2\/media?parent=20920"}],"wp:term":[{"taxonomy":"category","embeddable":true,"href":"https:\/\/www.corumbaonline.com.br\/news\/wp-json\/wp\/v2\/categories?post=20920"},{"taxonomy":"post_tag","embeddable":true,"href":"https:\/\/www.corumbaonline.com.br\/news\/wp-json\/wp\/v2\/tags?post=20920"}],"curies":[{"name":"wp","href":"https:\/\/api.w.org\/{rel}","templated":true}]}}