{"id":20924,"date":"2018-08-07T08:17:01","date_gmt":"2018-08-07T12:17:01","guid":{"rendered":"http:\/\/www.corumbaonline.com.br\/news\/?p=20924"},"modified":"2018-08-07T08:25:15","modified_gmt":"2018-08-07T12:25:15","slug":"vacinacao-contra-sarampo-e-poliomielite-esta-disponivel-em-12-unidades-de-saude","status":"publish","type":"post","link":"https:\/\/www.corumbaonline.com.br\/news\/vacinacao-contra-sarampo-e-poliomielite-esta-disponivel-em-12-unidades-de-saude\/","title":{"rendered":"Vacina\u00e7\u00e3o contra sarampo e poliomielite est\u00e1 dispon\u00edvel em 12 unidades de sa\u00fade"},"content":{"rendered":"<p>A Prefeitura de Corumb\u00e1, por meio da Secretaria Municipal de Sa\u00fade, disponibilizou 12 unidades de sa\u00fade para atender a Campanha Nacional de Vacina\u00e7\u00e3o contra a Poliomielite e Sarampo que teve in\u00edcio nesta segunda-feira (06). As salas de vacina\u00e7\u00e3o atendem das 07h30 \u00e0s 10h30 e das 13h30 \u00e0s 16h30. A Campanha, que vai at\u00e9 31 de agosto, \u00e9 voltada para crian\u00e7as menores de 5 anos de idade. \u00a0O Dia D ser\u00e1 realizado no s\u00e1bado, 18 de agosto.<\/p>\n<p>Gerente de Vigil\u00e2ncia em Sa\u00fade, Viviane Ametlla, informou que a meta \u00e9 imunizar 7.135 crian\u00e7as \u2013 dentro da faixa et\u00e1ria de atendimento \u2013 em ambas as situa\u00e7\u00f5es (sarampo e poliomielite). Essas duas vacinas s\u00e3o oferecidas rotineiramente pela rede municipal de sa\u00fade e, em raz\u00e3o disso, a cobertura vacinal (no primeiro quadrimestre de 2018) contra a paralisia infantil \u00e9 de 54,36% e a contra o sarampo j\u00e1 atingiu 66,37%. Em Mato Grosso do Sul a campanha \u00e9 voltada para crian\u00e7as de at\u00e9 5 anos.<\/p>\n<p>As vacinas da campanha contra sarampo e poliomielite (paralisia infantil) est\u00e3o dispon\u00edveis nas seguintes unidades de sa\u00fade: Gast\u00e3o de Oliveira, Fernando Moutinho (Cristo Redentor); Padre Ernesto Sassida (Dom Bosco); Humberto Pereira, \u00canio Cunha; Popular Velha, Breno de Medeiros; Lu\u00eds Fragelli (Universit\u00e1rio); L\u00facia Maria (antigo Kadw\u00e9us); Nova Corumb\u00e1, Beira Rio e Pedro Paulo.<\/p>\n<p>\u201cOs pais j\u00e1 podem levar os filhos \u00e0s unidades de sa\u00fade, com as devidas cadernetas de vacina\u00e7\u00e3o, que as vacinas est\u00e3o dispon\u00edveis\u201d, disse Viviane. A gerente de Vigil\u00e2ncia em Sa\u00fade refor\u00e7ou a necessidade de pais e respons\u00e1veis levarem as crian\u00e7as para vacinar. \u201cS\u00e3o doen\u00e7as preven\u00edeis e se a crian\u00e7a adquirir por falta de vacina pode trazer complica\u00e7\u00f5es para a vida dela. A melhor maneira de proteg\u00ea-las \u00e9 vacinar\u201d, completou.<\/p>\n<p>Este ano a Prefeitura de Corumb\u00e1, atrav\u00e9s da Secretaria Municipal de Sa\u00fade, estabeleceu uma parceria com o Rotary Club de Corumb\u00e1. \u201cO Rotary tem uma parceria com o Minist\u00e9rio da Sa\u00fade numa a\u00e7\u00e3o mundial e trabalha h\u00e1 tr\u00eas d\u00e9cadas com o objetivo de erradicar a p\u00f3lio no mundo todo. Em Corumb\u00e1 temos agora essa parceria para o Dia D da Vacina\u00e7\u00e3o\u201d, explicou o subsecret\u00e1rio de Sa\u00fade, F\u00e1bio Mandu.<\/p>\n<p>\u201cO Rotary vai sortear 18 bicicletas entre todas as crian\u00e7as que forem vacinadas. O primeiro sorteio ser\u00e1 dia 18, no Dia D. \u00c9 s\u00f3 colocar o n\u00famero da carteirinha no cupom e colocar na urna. Os demais sorteios v\u00e3o acontecer ao longo da campanha, que vai at\u00e9 dia 31 de agosto, para todas as crian\u00e7as que vacinarem possam participar\u201d, disse o subsecret\u00e1rio.<\/p>\n","protected":false},"excerpt":{"rendered":"<p>A Prefeitura de Corumb\u00e1, por meio da Secretaria Municipal de Sa\u00fade, disponibilizou 12 unidades de&#8230;<\/p>\n","protected":false},"author":1,"featured_media":20925,"comment_status":"closed","ping_status":"closed","sticky":false,"template":"","format":"standard","meta":{"footnotes":""},"categories":[8,21],"tags":[],"class_list":["post-20924","post","type-post","status-publish","format-standard","has-post-thumbnail","hentry","category-destaque","category-saude"],"_links":{"self":[{"href":"https:\/\/www.corumbaonline.com.br\/news\/wp-json\/wp\/v2\/posts\/20924","targetHints":{"allow":["GET"]}}],"collection":[{"href":"https:\/\/www.corumbaonline.com.br\/news\/wp-json\/wp\/v2\/posts"}],"about":[{"href":"https:\/\/www.corumbaonline.com.br\/news\/wp-json\/wp\/v2\/types\/post"}],"author":[{"embeddable":true,"href":"https:\/\/www.corumbaonline.com.br\/news\/wp-json\/wp\/v2\/users\/1"}],"replies":[{"embeddable":true,"href":"https:\/\/www.corumbaonline.com.br\/news\/wp-json\/wp\/v2\/comments?post=20924"}],"version-history":[{"count":1,"href":"https:\/\/www.corumbaonline.com.br\/news\/wp-json\/wp\/v2\/posts\/20924\/revisions"}],"predecessor-version":[{"id":20926,"href":"https:\/\/www.corumbaonline.com.br\/news\/wp-json\/wp\/v2\/posts\/20924\/revisions\/20926"}],"wp:featuredmedia":[{"embeddable":true,"href":"https:\/\/www.corumbaonline.com.br\/news\/wp-json\/wp\/v2\/media\/20925"}],"wp:attachment":[{"href":"https:\/\/www.corumbaonline.com.br\/news\/wp-json\/wp\/v2\/media?parent=20924"}],"wp:term":[{"taxonomy":"category","embeddable":true,"href":"https:\/\/www.corumbaonline.com.br\/news\/wp-json\/wp\/v2\/categories?post=20924"},{"taxonomy":"post_tag","embeddable":true,"href":"https:\/\/www.corumbaonline.com.br\/news\/wp-json\/wp\/v2\/tags?post=20924"}],"curies":[{"name":"wp","href":"https:\/\/api.w.org\/{rel}","templated":true}]}}