{"id":20927,"date":"2018-08-07T08:24:46","date_gmt":"2018-08-07T12:24:46","guid":{"rendered":"http:\/\/www.corumbaonline.com.br\/news\/?p=20927"},"modified":"2018-08-07T08:30:43","modified_gmt":"2018-08-07T12:30:43","slug":"policia-federal-conclui-inquerito-do-acidente-que-matou-eduardo-campos","status":"publish","type":"post","link":"https:\/\/www.corumbaonline.com.br\/news\/policia-federal-conclui-inquerito-do-acidente-que-matou-eduardo-campos\/","title":{"rendered":"Pol\u00edcia Federal conclui inqu\u00e9rito do acidente que matou Eduardo Campos"},"content":{"rendered":"<p>A uma semana de completar quatro anos do acidente a\u00e9reo que vitimou o ent\u00e3o candidato \u00e0 Presid\u00eancia da Rep\u00fablica Eduardo Campos, a Pol\u00edcia Federal concluiu o inqu\u00e9rito sobre a morte do pol\u00edtico pernambucano.<\/p>\n<p>O relat\u00f3rio final sobre o caso foi apresentado pela PF ontem (6) \u00e0 fam\u00edlia de Campos e ser\u00e1 apresentado nesta ter\u00e7a (7) \u00e0 fam\u00edlia do piloto Marcos Martins, que comandava a aeronave no momento do acidente.<\/p>\n<p>Somente ap\u00f3s a apresenta\u00e7\u00e3o do relat\u00f3rio \u00e0 fam\u00edlia do piloto, as informa\u00e7\u00f5es sobre o relat\u00f3rio ser\u00e3o divulgadas publicamente, informou a assessoria de imprensa da PF.<\/p>\n<p>Eduardo Campos morreu em 13 de agosto de 2014\u00a0<a href=\"http:\/\/www.ebc.com.br\/noticias\/eleicoes-2014\/2014\/08\/morre-eduardo-campos-confira-a-trajetoria-do-candidato-do-psb-a\" target=\"_blank\" rel=\"noopener noreferrer\">na queda de um jatinho na cidade de Santos<\/a>, litoral sul de S\u00e3o Paulo. A aeronave em que estava o ex-governador de Pernambuco, modelo Cessna 560XL, prefixo PR-AFA, decolou do Aeroporto Santos Dumont, no Rio de Janeiro, com destino ao aeroporto de Guaruj\u00e1 (SP).<\/p>\n<p>Quando se preparava para pouso, o piloto arremeteu o avi\u00e3o devido \u00e0 falta de visibilidade provocada pelo mau tempo. Em seguida, o controle de tr\u00e1fego a\u00e9reo perdeu contato com a aeronave.<\/p>\n<p>Ao lado da ex-ministra do Meio Ambiente e ex-senadora Marina Silva, Campos tentava chegar \u00e0 Presid\u00eancia da Rep\u00fablica pela coliga\u00e7\u00e3o Unidos Pelo Brasil (PSB, PHS, PRP, PPS, PPL, PSL).<\/p>\n<p>Depois de ser deputado estadual, tr\u00eas vezes deputado federal, secret\u00e1rio estadual de Governo e de Fazenda, ministro da Ci\u00eancia e Tecnologia e governador de Pernambuco por dois mandatos, o economista pernambucano concorria pela primeira vez ao cargo mais importante da pol\u00edtica brasileira. Nas pesquisas eleitorais, Campos aparecia como terceiro colocado.<\/p>\n<p>Eduardo Campos, que \u00e9 neto do pol\u00edtico Miguel Arres, morreu na mesma data que seu av\u00f4, falecido em 2005. Campos era filho de Ana Arraes, ministra do Tribunal de Contas da Uni\u00e3o (TCU) e do poeta e cronista Maximiano Campos.<\/p>\n<p>O ent\u00e3o candidato do PSB \u00e0 Presid\u00eancia da Rep\u00fablica tinha acabado de fazer 49 anos, no dia 10 agosto daquele ano. Al\u00e9m de Campos e do piloto Marcos Martins, morreram no acidente o copiloto Geraldo Magela Barbosa da Cunha e quatro integrantes da equipe que assessorava o ex-governador de Pernambuco, formada pelo assessor de imprensa Carlos Augusto Percol, o fot\u00f3grafo Alexandre Severo o cinegrafista Marcelo Lyra e o advogado Pedro Valadares.<\/p>\n","protected":false},"excerpt":{"rendered":"<p>A uma semana de completar quatro anos do acidente a\u00e9reo que vitimou o ent\u00e3o candidato&#8230;<\/p>\n","protected":false},"author":1,"featured_media":0,"comment_status":"closed","ping_status":"closed","sticky":false,"template":"","format":"standard","meta":{"footnotes":""},"categories":[19],"tags":[],"class_list":["post-20927","post","type-post","status-publish","format-standard","hentry","category-politica"],"_links":{"self":[{"href":"https:\/\/www.corumbaonline.com.br\/news\/wp-json\/wp\/v2\/posts\/20927","targetHints":{"allow":["GET"]}}],"collection":[{"href":"https:\/\/www.corumbaonline.com.br\/news\/wp-json\/wp\/v2\/posts"}],"about":[{"href":"https:\/\/www.corumbaonline.com.br\/news\/wp-json\/wp\/v2\/types\/post"}],"author":[{"embeddable":true,"href":"https:\/\/www.corumbaonline.com.br\/news\/wp-json\/wp\/v2\/users\/1"}],"replies":[{"embeddable":true,"href":"https:\/\/www.corumbaonline.com.br\/news\/wp-json\/wp\/v2\/comments?post=20927"}],"version-history":[{"count":1,"href":"https:\/\/www.corumbaonline.com.br\/news\/wp-json\/wp\/v2\/posts\/20927\/revisions"}],"predecessor-version":[{"id":20928,"href":"https:\/\/www.corumbaonline.com.br\/news\/wp-json\/wp\/v2\/posts\/20927\/revisions\/20928"}],"wp:attachment":[{"href":"https:\/\/www.corumbaonline.com.br\/news\/wp-json\/wp\/v2\/media?parent=20927"}],"wp:term":[{"taxonomy":"category","embeddable":true,"href":"https:\/\/www.corumbaonline.com.br\/news\/wp-json\/wp\/v2\/categories?post=20927"},{"taxonomy":"post_tag","embeddable":true,"href":"https:\/\/www.corumbaonline.com.br\/news\/wp-json\/wp\/v2\/tags?post=20927"}],"curies":[{"name":"wp","href":"https:\/\/api.w.org\/{rel}","templated":true}]}}