{"id":20934,"date":"2018-08-07T08:52:35","date_gmt":"2018-08-07T12:52:35","guid":{"rendered":"http:\/\/www.corumbaonline.com.br\/news\/?p=20934"},"modified":"2018-08-07T09:11:42","modified_gmt":"2018-08-07T13:11:42","slug":"juiza-nega-pedido-para-lula-participar-de-debate-na-tv","status":"publish","type":"post","link":"https:\/\/www.corumbaonline.com.br\/news\/juiza-nega-pedido-para-lula-participar-de-debate-na-tv\/","title":{"rendered":"Ju\u00edza nega pedido para Lula participar de debate na TV"},"content":{"rendered":"<p>A ju\u00edza Bianca Arenhart, do Tribunal Regional Federal da 4\u00aa Regi\u00e3o, sediado em Porto Alegre, negou ontem (6) pedido feito pelo PT para autorizar a participa\u00e7\u00e3o do ex-presidente Luiz In\u00e1cio Lula da Silva no debate que ser\u00e1 realizado quinta-feira (9), na TV Bandeirantes, com candidatos \u00e0 Presid\u00eancia da Rep\u00fablica nas elei\u00e7\u00f5es de outubro.<\/p>\n<p>Lula est\u00e1 preso desde 7 de abril, na sede da Superintend\u00eancia da Pol\u00edcia Federal (PF) em Curitiba, em fun\u00e7\u00e3o de sua condena\u00e7\u00e3o a 12 anos de pris\u00e3o na a\u00e7\u00e3o penal do caso do tr\u00edplex do Guaruj\u00e1 (SP). Para o PT, como pr\u00e9-candidato, Lula tem direito de participar do debate.<\/p>\n<p>Ao analisar o caso, a ju\u00edza decidiu rejeitar o pedido por raz\u00f5es processuais e entendeu que o PT n\u00e3o tem legitimidade para fazer o pedido em nome do ex-presidente.<\/p>\n<p>\u201cDe fato, nos termos da Lei de Execu\u00e7\u00e3o Penal, cabe ao pr\u00f3prio executado, por meio de sua defesa constitu\u00edda ou, na sua falta, \u00e0 Defensoria P\u00fablica da Uni\u00e3o, pleitear benef\u00edcios ao preso\u201d, decidiu a magistrada.<\/p>\n<p>De acordo com o partido, o pedido de registro de candidatura do ex-presidente deve ser protocolado no dia 15 de agosto, no Tribunal Superior Eleitoral (TSE).<\/p>\n","protected":false},"excerpt":{"rendered":"<p>A ju\u00edza Bianca Arenhart, do Tribunal Regional Federal da 4\u00aa Regi\u00e3o, sediado em Porto Alegre,&#8230;<\/p>\n","protected":false},"author":1,"featured_media":0,"comment_status":"closed","ping_status":"closed","sticky":false,"template":"","format":"standard","meta":{"footnotes":""},"categories":[101,19],"tags":[],"class_list":["post-20934","post","type-post","status-publish","format-standard","hentry","category-eleicoes","category-politica"],"_links":{"self":[{"href":"https:\/\/www.corumbaonline.com.br\/news\/wp-json\/wp\/v2\/posts\/20934","targetHints":{"allow":["GET"]}}],"collection":[{"href":"https:\/\/www.corumbaonline.com.br\/news\/wp-json\/wp\/v2\/posts"}],"about":[{"href":"https:\/\/www.corumbaonline.com.br\/news\/wp-json\/wp\/v2\/types\/post"}],"author":[{"embeddable":true,"href":"https:\/\/www.corumbaonline.com.br\/news\/wp-json\/wp\/v2\/users\/1"}],"replies":[{"embeddable":true,"href":"https:\/\/www.corumbaonline.com.br\/news\/wp-json\/wp\/v2\/comments?post=20934"}],"version-history":[{"count":1,"href":"https:\/\/www.corumbaonline.com.br\/news\/wp-json\/wp\/v2\/posts\/20934\/revisions"}],"predecessor-version":[{"id":20935,"href":"https:\/\/www.corumbaonline.com.br\/news\/wp-json\/wp\/v2\/posts\/20934\/revisions\/20935"}],"wp:attachment":[{"href":"https:\/\/www.corumbaonline.com.br\/news\/wp-json\/wp\/v2\/media?parent=20934"}],"wp:term":[{"taxonomy":"category","embeddable":true,"href":"https:\/\/www.corumbaonline.com.br\/news\/wp-json\/wp\/v2\/categories?post=20934"},{"taxonomy":"post_tag","embeddable":true,"href":"https:\/\/www.corumbaonline.com.br\/news\/wp-json\/wp\/v2\/tags?post=20934"}],"curies":[{"name":"wp","href":"https:\/\/api.w.org\/{rel}","templated":true}]}}