{"id":20967,"date":"2018-08-07T14:47:03","date_gmt":"2018-08-07T18:47:03","guid":{"rendered":"http:\/\/www.corumbaonline.com.br\/news\/?p=20967"},"modified":"2018-08-07T13:16:01","modified_gmt":"2018-08-07T17:16:01","slug":"treinamento-do-programa-de-hanseniase-e-tuberculose-comeca-nesta-quarta","status":"publish","type":"post","link":"https:\/\/www.corumbaonline.com.br\/news\/treinamento-do-programa-de-hanseniase-e-tuberculose-comeca-nesta-quarta\/","title":{"rendered":"Treinamento do Programa de Hansen\u00edase e Tuberculose come\u00e7a nesta quarta"},"content":{"rendered":"<p>A Prefeitura de Corumb\u00e1, por meio da Secretaria Municipal de Sa\u00fade, inicia nesta quarta-feira, 8 de agosto, o Treinamento da Rotina do Programa de Hansen\u00edase e Tuberculose. A capacita\u00e7\u00e3o \u00e9 voltado para profissionais da Sa\u00fade de Corumb\u00e1 e Lad\u00e1rio e acontece no Centro de Conven\u00e7\u00f5es do Pantanal.<\/p>\n<p>&nbsp;<\/p>\n<p>Das 13 \u00e0s 17 horas, na sala 1, a coordenadoria municipal, enfermeiros e digitador tratar\u00e3o do tema: Aula expositiva \u2013 apresenta\u00e7\u00e3o do perfil epidemiol\u00f3gico da doen\u00e7a em Corumb\u00e1 e Lad\u00e1rio; Avalia\u00e7\u00e3o do Banco de dados; Discurs\u00e3o e orienta\u00e7\u00e3o dos impressos de rotina; Defini\u00e7\u00e3o de fluxo de atendimento e de informa\u00e7\u00f5es.<\/p>\n<p>&nbsp;<\/p>\n<p>No mesmo hor\u00e1rio, mas na sala 2, os agentes comunit\u00e1rio de sa\u00fade participam roda de conversa sobre controle de tuberculose: TDO, tratamento, preven\u00e7\u00e3o de incapacidades, direitos do paciente, atribui\u00e7\u00f5es do acs). O tema volta a ser debatido na quinta-feira, 9, pela manh\u00e3, das 8h \u00e0s 11 horas.<\/p>\n<p>&nbsp;<\/p>\n<p>Tamb\u00e9m durante a manh\u00e3, a coordenadoria municipal, enfermeiros e digitador far\u00e3o uma avalia\u00e7\u00e3o do SINAN). No per\u00edodo vespertino, das 13h \u00e0s 17 horas, acontece uma aula expositiva com apresenta\u00e7\u00e3o do perfil epidemiol\u00f3gico da doen\u00e7a em Corumb\u00e1 e Lad\u00e1rio; Avalia\u00e7\u00e3o do banco de dados; Discurs\u00e3o e orienta\u00e7\u00e3o dos impressos de rotina; Defini\u00e7\u00e3o de fluxo de atendimento e de informa\u00e7\u00f5es.<\/p>\n<p>&nbsp;<\/p>\n<p>O Treinamento da Rotina do Programa de Hansen\u00edase e Tuberculose \u00e9 oferecido pelo Programa Estadual de Controle de Hansen\u00edase e Tuberculose, por meio do Programa Municipal de Hansen\u00edase e Tuberculose.<\/p>\n","protected":false},"excerpt":{"rendered":"<p>A Prefeitura de Corumb\u00e1, por meio da Secretaria Municipal de Sa\u00fade, inicia nesta quarta-feira, 8&#8230;<\/p>\n","protected":false},"author":1,"featured_media":0,"comment_status":"closed","ping_status":"closed","sticky":false,"template":"","format":"standard","meta":{"footnotes":""},"categories":[21],"tags":[],"class_list":["post-20967","post","type-post","status-publish","format-standard","hentry","category-saude"],"_links":{"self":[{"href":"https:\/\/www.corumbaonline.com.br\/news\/wp-json\/wp\/v2\/posts\/20967","targetHints":{"allow":["GET"]}}],"collection":[{"href":"https:\/\/www.corumbaonline.com.br\/news\/wp-json\/wp\/v2\/posts"}],"about":[{"href":"https:\/\/www.corumbaonline.com.br\/news\/wp-json\/wp\/v2\/types\/post"}],"author":[{"embeddable":true,"href":"https:\/\/www.corumbaonline.com.br\/news\/wp-json\/wp\/v2\/users\/1"}],"replies":[{"embeddable":true,"href":"https:\/\/www.corumbaonline.com.br\/news\/wp-json\/wp\/v2\/comments?post=20967"}],"version-history":[{"count":1,"href":"https:\/\/www.corumbaonline.com.br\/news\/wp-json\/wp\/v2\/posts\/20967\/revisions"}],"predecessor-version":[{"id":20968,"href":"https:\/\/www.corumbaonline.com.br\/news\/wp-json\/wp\/v2\/posts\/20967\/revisions\/20968"}],"wp:attachment":[{"href":"https:\/\/www.corumbaonline.com.br\/news\/wp-json\/wp\/v2\/media?parent=20967"}],"wp:term":[{"taxonomy":"category","embeddable":true,"href":"https:\/\/www.corumbaonline.com.br\/news\/wp-json\/wp\/v2\/categories?post=20967"},{"taxonomy":"post_tag","embeddable":true,"href":"https:\/\/www.corumbaonline.com.br\/news\/wp-json\/wp\/v2\/tags?post=20967"}],"curies":[{"name":"wp","href":"https:\/\/api.w.org\/{rel}","templated":true}]}}