{"id":20974,"date":"2018-08-08T08:16:28","date_gmt":"2018-08-08T12:16:28","guid":{"rendered":"http:\/\/www.corumbaonline.com.br\/news\/?p=20974"},"modified":"2018-08-08T08:13:45","modified_gmt":"2018-08-08T12:13:45","slug":"prefeito-da-ordem-para-conclusao-de-reforma-do-centro-de-saude-da-ladeira","status":"publish","type":"post","link":"https:\/\/www.corumbaonline.com.br\/news\/prefeito-da-ordem-para-conclusao-de-reforma-do-centro-de-saude-da-ladeira\/","title":{"rendered":"Prefeito d\u00e1 ordem para conclus\u00e3o de reforma do Centro de Sa\u00fade da Ladeira"},"content":{"rendered":"<p>O prefeito Marcelo Iunes determinou a retomada das obras e conclus\u00e3o dos servi\u00e7os de reforma do Centro de Sa\u00fade da Ladeira. A ordem foi dada na manh\u00e3 desta ter\u00e7a-feira, 07 de agosto, durante vistoria ao local, que teve atendimento ao p\u00fablico suspenso, por conta das obras, h\u00e1 quase tr\u00eas anos. O Munic\u00edpio planeja entregar o espa\u00e7o em setembro, m\u00eas de anivers\u00e1rio de 240 anos de funda\u00e7\u00e3o de Corumb\u00e1.<\/p>\n<p>&nbsp;<\/p>\n<p>Localizado na Ladeira Cunha e Cruz, o espa\u00e7o vai ser um centro de refer\u00eancia da Vigil\u00e2ncia em Sa\u00fade no munic\u00edpio. Para l\u00e1 voltar\u00e3o servi\u00e7os como Vigil\u00e2ncia Sanit\u00e1ria, Vigil\u00e2ncia Epidemiol\u00f3gica, Vigil\u00e2ncia Ambiental em Sa\u00fade, Vigil\u00e2ncia de Doen\u00e7as e Agravos n\u00e3o Transmiss\u00edveis (DANTs), Programa de Tuberculose. O Centro ainda oferecer\u00e1 atendimento \u00e0 popula\u00e7\u00e3o ribeirinha com posto de sa\u00fade.<\/p>\n<p>&nbsp;<\/p>\n<p>Na vistoria que fez ao local, Iunes destacou que a retomada para finaliza\u00e7\u00e3o das obras do Centro de Sa\u00fade da Ladeira acontece porque a Prefeitura conseguiu um aditivo de R$ 42 mil junto \u00e0 Caixa Econ\u00f4mica Federal para a conclus\u00e3o dos servi\u00e7os. Toda a reforma estava or\u00e7ada em R$ 380 mil. \u201cConseguimos em Bras\u00edlia e na Superintend\u00eancia da Caixa Econ\u00f4mica Federal em Campo Grande a libera\u00e7\u00e3o de aditivo para essa reforma. Obtivemos a libera\u00e7\u00e3o e retornamos com essa obra importante para a cidade\u201d, disse o prefeito.<\/p>\n<p>&nbsp;<\/p>\n<p>Iunes destacou que o Munic\u00edpio est\u00e1 retomando diversas obras na \u00e1rea de sa\u00fade p\u00fablica. \u201cRecuperamos recursos de outras obras que estavam paradas h\u00e1 dois ou tr\u00eas anos como o Centro de Sa\u00fade da Mulher e o Laborat\u00f3rio Municipal. Conseguimos recuperar esses recursos e assinei ordem de nova licita\u00e7\u00e3o para essas duas obras\u201d, afirmou o chefe do Executivo corumbaense.<\/p>\n<p>&nbsp;<\/p>\n<p>\u201cEstamos na fase complementar de entregas das unidades de sa\u00fade do Guat\u00f3s e Cravo Vermelho. Outras duas est\u00e3o com ordem de servi\u00e7o para come\u00e7ar, que s\u00e3o o Fernando Moutinho I, no Cristo Redentor, e o primeiro piso do Centro de Especialidades M\u00e9dicas (CEM), onde funcionou a antiga Cl\u00ednica S\u00e3o Jos\u00e9, na rua Cabral. S\u00e3o obras paradas h\u00e1 tr\u00eas, quatro anos que em oito meses conseguimos retomar para concluir e entregar\u201d, finalizou o prefeito.<\/p>\n<p>&nbsp;<\/p>\n<p>Acompanharam o prefeito na vistoria ao Centro de Sa\u00fade da Ladeira o subsecret\u00e1rio de Sa\u00fade, F\u00e1bio Mandu; a gerente de Vigil\u00e2ncia em Sa\u00fade, Viviane Ametlla; a coordenadora de Monitoramento e Avalia\u00e7\u00e3o da Vigil\u00e2ncia em Sa\u00fade, Beatriz Assad; a gerente de de Sa\u00fade Bucal, Vanessa Delgado; e o gestor da obra pela Secretaria Municipal de Infraestrutura e Servi\u00e7os P\u00fablicos, Adjalme Esnarriaga Junior.<\/p>\n","protected":false},"excerpt":{"rendered":"<p>O prefeito Marcelo Iunes determinou a retomada das obras e conclus\u00e3o dos servi\u00e7os de reforma&#8230;<\/p>\n","protected":false},"author":1,"featured_media":20975,"comment_status":"closed","ping_status":"closed","sticky":false,"template":"","format":"standard","meta":{"footnotes":""},"categories":[8,21],"tags":[],"class_list":["post-20974","post","type-post","status-publish","format-standard","has-post-thumbnail","hentry","category-destaque","category-saude"],"_links":{"self":[{"href":"https:\/\/www.corumbaonline.com.br\/news\/wp-json\/wp\/v2\/posts\/20974","targetHints":{"allow":["GET"]}}],"collection":[{"href":"https:\/\/www.corumbaonline.com.br\/news\/wp-json\/wp\/v2\/posts"}],"about":[{"href":"https:\/\/www.corumbaonline.com.br\/news\/wp-json\/wp\/v2\/types\/post"}],"author":[{"embeddable":true,"href":"https:\/\/www.corumbaonline.com.br\/news\/wp-json\/wp\/v2\/users\/1"}],"replies":[{"embeddable":true,"href":"https:\/\/www.corumbaonline.com.br\/news\/wp-json\/wp\/v2\/comments?post=20974"}],"version-history":[{"count":1,"href":"https:\/\/www.corumbaonline.com.br\/news\/wp-json\/wp\/v2\/posts\/20974\/revisions"}],"predecessor-version":[{"id":20976,"href":"https:\/\/www.corumbaonline.com.br\/news\/wp-json\/wp\/v2\/posts\/20974\/revisions\/20976"}],"wp:featuredmedia":[{"embeddable":true,"href":"https:\/\/www.corumbaonline.com.br\/news\/wp-json\/wp\/v2\/media\/20975"}],"wp:attachment":[{"href":"https:\/\/www.corumbaonline.com.br\/news\/wp-json\/wp\/v2\/media?parent=20974"}],"wp:term":[{"taxonomy":"category","embeddable":true,"href":"https:\/\/www.corumbaonline.com.br\/news\/wp-json\/wp\/v2\/categories?post=20974"},{"taxonomy":"post_tag","embeddable":true,"href":"https:\/\/www.corumbaonline.com.br\/news\/wp-json\/wp\/v2\/tags?post=20974"}],"curies":[{"name":"wp","href":"https:\/\/api.w.org\/{rel}","templated":true}]}}