{"id":20984,"date":"2018-08-08T08:56:47","date_gmt":"2018-08-08T12:56:47","guid":{"rendered":"http:\/\/www.corumbaonline.com.br\/news\/?p=20984"},"modified":"2018-08-08T08:56:47","modified_gmt":"2018-08-08T12:56:47","slug":"transporte-de-cargas-em-pequenos-veiculos-ganha-apoio-na-camara","status":"publish","type":"post","link":"https:\/\/www.corumbaonline.com.br\/news\/transporte-de-cargas-em-pequenos-veiculos-ganha-apoio-na-camara\/","title":{"rendered":"Transporte de cargas em pequenos ve\u00edculos ganha apoio na C\u00e2mara"},"content":{"rendered":"<p><span style=\"color: #000000;\">O transporte de cargas praticado por pequenos ve\u00edculos ganhou apoio na C\u00e2mara Municipal de Corumb\u00e1, ap\u00f3s o vereador Evander Vendramini levantar o problema e solicitar a\u00e7\u00f5es por parte da Ag\u00eancia Nacional de Transportes Terrestres (ANTT), visando solucionar esta situa\u00e7\u00e3o.<\/span><\/p>\n<p><span style=\"color: #000000;\">No requerimento, Evander solicitou ao diretor-geral da ANTT, M\u00e1rio Rodrigues Junior, que sejam tomadas provid\u00eancias necess\u00e1rias para que os pequenos transportadores da regi\u00e3o possam operar com cargas de volumes pequenos entre o Brasil e a Bol\u00edvia.<\/span><\/p>\n<p><span style=\"color: #000000;\">\u201cO servi\u00e7o \u00e9 feito por pequenos ve\u00edculos e os propriet\u00e1rios, apesar de regularmente inscritos na ANTT, est\u00e3o encontrando dificuldades para realizar o servi\u00e7o entre a fronteira do Brasil e Bol\u00edvia, tendo em vista dificuldades provocadas pela fiscaliza\u00e7\u00e3o da ANTT, gerando um desconforto muito grande a esses trabalhadores\u201d, justificou.<\/span><\/p>\n<p><span style=\"color: #000000;\">O vereador lembra que esse tipo de transporte \u00e9 a fonte de renda desses trabalhadores e suas fam\u00edlias, \u201csem contar que o trabalho desenvolvido por eles, \u00e9 de grande valia para a nossa cidade\u201d, citou. \u201cTamb\u00e9m facilitam a vida dos comerciantes que, muitas vezes de posse de pequenas quantidades de mercadorias, de 50 a 1.000 quilos, n\u00e3o teriam como contratar caminh\u00f5es ou carretas para esse tipo de transporte\u201d, completou.<\/span><\/p>\n<p><strong><span style=\"color: #000000;\">PAVIMENTO ASF\u00c1LTICO<\/span><\/strong><\/p>\n<p><span style=\"color: #000000;\">Tamb\u00e9m durante sess\u00e3o na C\u00e2mara, o vereador solicitou ao secret\u00e1rio de Infraestrutura e Servi\u00e7os P\u00fablicos, Ricardo Ametlla, a recupera\u00e7\u00e3o do pavimento asf\u00e1ltico da Rua Joaquim Murtinho, no trecho entre as ruas Edu Rocha e Geraldino Martins de Barros.<\/span><\/p>\n<p><span style=\"color: #000000;\">Segundo ele, \u00e9 preciso recapear todo o trecho que se encontra com seu pavimento deteriorado, causando transtornos aos moradores e condutores de ve\u00edculos que transitam pela via. S\u00e3o justamente eles que est\u00e3o solicitando o servi\u00e7o e a consequente manuten\u00e7\u00e3o.<\/span><\/p>\n","protected":false},"excerpt":{"rendered":"<p>O transporte de cargas praticado por pequenos ve\u00edculos ganhou apoio na C\u00e2mara Municipal de Corumb\u00e1,&#8230;<\/p>\n","protected":false},"author":1,"featured_media":20985,"comment_status":"closed","ping_status":"closed","sticky":false,"template":"","format":"standard","meta":{"footnotes":""},"categories":[19],"tags":[],"class_list":["post-20984","post","type-post","status-publish","format-standard","has-post-thumbnail","hentry","category-politica"],"_links":{"self":[{"href":"https:\/\/www.corumbaonline.com.br\/news\/wp-json\/wp\/v2\/posts\/20984","targetHints":{"allow":["GET"]}}],"collection":[{"href":"https:\/\/www.corumbaonline.com.br\/news\/wp-json\/wp\/v2\/posts"}],"about":[{"href":"https:\/\/www.corumbaonline.com.br\/news\/wp-json\/wp\/v2\/types\/post"}],"author":[{"embeddable":true,"href":"https:\/\/www.corumbaonline.com.br\/news\/wp-json\/wp\/v2\/users\/1"}],"replies":[{"embeddable":true,"href":"https:\/\/www.corumbaonline.com.br\/news\/wp-json\/wp\/v2\/comments?post=20984"}],"version-history":[{"count":1,"href":"https:\/\/www.corumbaonline.com.br\/news\/wp-json\/wp\/v2\/posts\/20984\/revisions"}],"predecessor-version":[{"id":20986,"href":"https:\/\/www.corumbaonline.com.br\/news\/wp-json\/wp\/v2\/posts\/20984\/revisions\/20986"}],"wp:featuredmedia":[{"embeddable":true,"href":"https:\/\/www.corumbaonline.com.br\/news\/wp-json\/wp\/v2\/media\/20985"}],"wp:attachment":[{"href":"https:\/\/www.corumbaonline.com.br\/news\/wp-json\/wp\/v2\/media?parent=20984"}],"wp:term":[{"taxonomy":"category","embeddable":true,"href":"https:\/\/www.corumbaonline.com.br\/news\/wp-json\/wp\/v2\/categories?post=20984"},{"taxonomy":"post_tag","embeddable":true,"href":"https:\/\/www.corumbaonline.com.br\/news\/wp-json\/wp\/v2\/tags?post=20984"}],"curies":[{"name":"wp","href":"https:\/\/api.w.org\/{rel}","templated":true}]}}