{"id":20994,"date":"2018-08-08T09:44:51","date_gmt":"2018-08-08T13:44:51","guid":{"rendered":"http:\/\/www.corumbaonline.com.br\/news\/?p=20994"},"modified":"2018-08-08T09:44:51","modified_gmt":"2018-08-08T13:44:51","slug":"prefeito-apresenta-a-diretores-acoes-que-devem-ser-trabalhadas-no-2-semestre-da-reme","status":"publish","type":"post","link":"https:\/\/www.corumbaonline.com.br\/news\/prefeito-apresenta-a-diretores-acoes-que-devem-ser-trabalhadas-no-2-semestre-da-reme\/","title":{"rendered":"Prefeito apresenta a diretores a\u00e7\u00f5es que devem ser trabalhadas no 2\u00b0 semestre da REME"},"content":{"rendered":"<p>O prefeito Marcelo Iunes, juntamente com a Secretaria Municipal de Educa\u00e7\u00e3o, reuniu-se com diretores, diretores adjuntos e coordenadores das escolas da Rede Municipal de Ensino (REME) na tarde desta segunda-feira, 06 de agosto, no encontro realizado no audit\u00f3rio da Prefeitura, deu-se as boas vindas aos novos gestores e, orienta\u00e7\u00f5es que devem ser seguidas para o \u00eaxito do segundo semestre letivo.<\/p>\n<p>&nbsp;<\/p>\n<p>Iunes aproveitou a reuni\u00e3o com os gestores e esclareceu informa\u00e7\u00f5es desencontradas que circularam nas redes sociais em torno do processo de consulta que auxiliaram na escolha dos novos diretores das unidades da REME, e, ainda, da posse e lota\u00e7\u00e3o dos professores, tanto os aprovados em concurso p\u00fablico, quanto aos convocados.<\/p>\n<p>&nbsp;<\/p>\n<p>De acordo com o prefeito em momento algum os processos foram influenciados por quest\u00f5es pol\u00edticas. \u201cHouve uma consulta com a comunidade escolar de cada estabelecimento de ensino, al\u00e9m disso, h\u00e1 uma nova norma da tipologia das escolas que determina adequa\u00e7\u00f5es com rela\u00e7\u00e3o a coordenadores, por exemplo, o que proporcionou a diminui\u00e7\u00e3o de coordenadores e de diretores adjuntos, os quais v\u00e3o voltar para as salas de aulas\u201d, esclareceu.<\/p>\n<p>&nbsp;<\/p>\n<p>A Administra\u00e7\u00e3o Municipal vem buscando diminuir sensivelmente o n\u00famero de convocados na Rede Municipal de Ensino, al\u00e9m de alguns coordenadores professores, outros efetivos que estavam cedidos para outros \u00d3rg\u00e3os Municipais, est\u00e3o retornando para as salas de aulas, sendo que, para os professores concursados est\u00e1 sendo dada prioridade \u00e0 dobra da carga hor\u00e1ria de 20 h\/a para 40 h\/a. \u201cEssas medidas visam \u00e0 redu\u00e7\u00e3o da folha de pagamento dos professores convocados, uma vez que, a dobra de mais 20 horas para os efetivos de n\u00edvel I, a t\u00edtulo de exemplo, significa a redu\u00e7\u00e3o de aproximadamente R$ 724,25 mensais por cada professor n\u00e3o concursado que n\u00e3o for contratado. Sendo que, com o recurso economizado, o qual pode significar mais de dois milh\u00f5es ao ano, vamos poder investir em reformas de escolas e, ainda, contribuir para viabilizar o reajuste salarial para todas as classes dos servidores da Prefeitura\u201d, afirmou o prefeito.<\/p>\n<p>&nbsp;<\/p>\n<p>Marcelo Iunes destacou que se o processo fosse dominado por quest\u00f5es pol\u00edticas, ele teria continuado com as quase 800 convoca\u00e7\u00f5es de professores n\u00e3o concursados para completar o quadro da Educa\u00e7\u00e3o.<\/p>\n<p>&nbsp;<\/p>\n<p>Esclareceu tamb\u00e9m que, al\u00e9m do retorno de alguns professores efetivos para a sala de aula, somado \u00e0 posse inicial de aproximadamente 100 professores aprovados no mais recente concurso p\u00fablico da Secretaria de Educa\u00e7\u00e3o, fez-se necess\u00e1ria, a n\u00e3o renova\u00e7\u00e3o do contrato de diversos professores que estavam convocados no primeiro semestre deste ano, sendo que, as lota\u00e7\u00f5es dos efetivos, com a prioridade de oferta da dobra a todos os concursados, inclusive para os que tomaram posse nas datas de 30 e 31 de julho e 1\u00ba de agosto do corrente ano, motivou o adiamento das aulas. Destacou, ainda, que na \u00faltima reuni\u00e3o realizada com o Sindicato Municipal dos Trabalhadores em Educa\u00e7\u00e3o de Corumb\u00e1 (SIMTED), todos entenderam a necessidade de reduzir o m\u00e1ximo poss\u00edvel o n\u00famero de professores convocados, e, frisou que a Secretaria de Educa\u00e7\u00e3o, j\u00e1 est\u00e1 analisando e identificando as vagas puras existentes, o que possibilitar\u00e1, seguindo todos os procedimentos legais, a nomea\u00e7\u00e3o de mais professores concursados.<\/p>\n<p>&nbsp;<\/p>\n<p>O prefeito ressaltou aos diretores, diretores adjuntos e coordenadores das escolas da Rede Municipal de Ensino que a administra\u00e7\u00e3o est\u00e1 de \u201cportas abertas\u201d para a classe e orientou que o site da Prefeitura Municipal de Corumb\u00e1 \u00e9 o ve\u00edculo oficial de comunica\u00e7\u00e3o do Munic\u00edpio.<\/p>\n","protected":false},"excerpt":{"rendered":"<p>O prefeito Marcelo Iunes, juntamente com a Secretaria Municipal de Educa\u00e7\u00e3o, reuniu-se com diretores, diretores&#8230;<\/p>\n","protected":false},"author":1,"featured_media":20995,"comment_status":"closed","ping_status":"closed","sticky":false,"template":"","format":"standard","meta":{"footnotes":""},"categories":[8,19],"tags":[],"class_list":["post-20994","post","type-post","status-publish","format-standard","has-post-thumbnail","hentry","category-destaque","category-politica"],"_links":{"self":[{"href":"https:\/\/www.corumbaonline.com.br\/news\/wp-json\/wp\/v2\/posts\/20994","targetHints":{"allow":["GET"]}}],"collection":[{"href":"https:\/\/www.corumbaonline.com.br\/news\/wp-json\/wp\/v2\/posts"}],"about":[{"href":"https:\/\/www.corumbaonline.com.br\/news\/wp-json\/wp\/v2\/types\/post"}],"author":[{"embeddable":true,"href":"https:\/\/www.corumbaonline.com.br\/news\/wp-json\/wp\/v2\/users\/1"}],"replies":[{"embeddable":true,"href":"https:\/\/www.corumbaonline.com.br\/news\/wp-json\/wp\/v2\/comments?post=20994"}],"version-history":[{"count":1,"href":"https:\/\/www.corumbaonline.com.br\/news\/wp-json\/wp\/v2\/posts\/20994\/revisions"}],"predecessor-version":[{"id":20996,"href":"https:\/\/www.corumbaonline.com.br\/news\/wp-json\/wp\/v2\/posts\/20994\/revisions\/20996"}],"wp:featuredmedia":[{"embeddable":true,"href":"https:\/\/www.corumbaonline.com.br\/news\/wp-json\/wp\/v2\/media\/20995"}],"wp:attachment":[{"href":"https:\/\/www.corumbaonline.com.br\/news\/wp-json\/wp\/v2\/media?parent=20994"}],"wp:term":[{"taxonomy":"category","embeddable":true,"href":"https:\/\/www.corumbaonline.com.br\/news\/wp-json\/wp\/v2\/categories?post=20994"},{"taxonomy":"post_tag","embeddable":true,"href":"https:\/\/www.corumbaonline.com.br\/news\/wp-json\/wp\/v2\/tags?post=20994"}],"curies":[{"name":"wp","href":"https:\/\/api.w.org\/{rel}","templated":true}]}}