{"id":20997,"date":"2018-08-08T09:52:07","date_gmt":"2018-08-08T13:52:07","guid":{"rendered":"http:\/\/www.corumbaonline.com.br\/news\/?p=20997"},"modified":"2018-08-08T09:46:47","modified_gmt":"2018-08-08T13:46:47","slug":"por-falta-de-quorum-stf-suspende-julgamentos-na-manha-de-hoje","status":"publish","type":"post","link":"https:\/\/www.corumbaonline.com.br\/news\/por-falta-de-quorum-stf-suspende-julgamentos-na-manha-de-hoje\/","title":{"rendered":"Por falta de qu\u00f3rum, STF suspende julgamentos na manh\u00e3 de hoje"},"content":{"rendered":"<p>A presidente do Supremo Tribunal Federal (STF), ministra C\u00e1rmen L\u00facia, foi obrigada a suspender os julgamentos que havia marcado para a sess\u00e3o extraordin\u00e1ria de\u00a0<span id=\"OBJ_PREFIX_DWT152_com_zimbra_date\">hoje<\/span>\u00a0(8), devido \u00e0 falta de qu\u00f3rum.<\/p>\n<p>Apenas sete ministros compareceram ao plen\u00e1rio nesta manh\u00e3, o que impossibilitou a an\u00e1lise de quatro A\u00e7\u00f5es Diretas de Inconstitucionalidade (ADI) que estavam previstas para esta\u00a0<span id=\"OBJ_PREFIX_DWT153_com_zimbra_date\">quarta<\/span>-feira. O qu\u00f3rum m\u00ednimo para que tais a\u00e7\u00f5es sejam discutidas \u00e9 de oito ministros. Faltaram Gilmar Mendes, Ricardo Lewandowski, Luiz Fux e Celso de Mello.<\/p>\n<p>Na pauta, constavam quatro ADI\u00b4s abertas nos anos 1990 e que ainda aguardam por um desfecho no STF, entre elas, a que trata de contrato de trabalho por tempo determinado e outra sobre al\u00edquota de ICMS para servi\u00e7os de transporte a\u00e9reo.<\/p>\n<p>Em seus \u00faltimos 40 dias como respons\u00e1vel pela elabora\u00e7\u00e3o da pauta de julgamentos, C\u00e1rmen L\u00facia marcou para as quartas-feiras seis sess\u00f5es extraordin\u00e1rias, com o intuito de julgar somente a\u00e7\u00f5es antigas. Nem sempre, por\u00e9m, ela tem contado com a ades\u00e3o de seus pares nesse esfor\u00e7o. Ela ser\u00e1 substitu\u00edda na presid\u00eancia do STF no dia\u00a0<span id=\"OBJ_PREFIX_DWT154_com_zimbra_date\">14 de setembro<\/span>\u00a0pelo ministro Dias Toffoli.<\/p>\n<p>Os ministros voltam a se reunir \u00e0 tarde, para a sess\u00e3o ordin\u00e1ria marcada para as 14h. Est\u00e3o pautados nove processos, entre eles,\u00a0o que trata da prescri\u00e7\u00e3o nas a\u00e7\u00f5es de ressarcimento ao Er\u00e1rio por parte de agentes p\u00fablicos em decorr\u00eancia de ato de improbidade administrativa. O julgamento foi iniciado na semana passada e j\u00e1 h\u00e1 maioria formada (de 6 a 2) a favor de um prazo para a prescri\u00e7\u00e3o.<\/p>\n","protected":false},"excerpt":{"rendered":"<p>A presidente do Supremo Tribunal Federal (STF), ministra C\u00e1rmen L\u00facia, foi obrigada a suspender os&#8230;<\/p>\n","protected":false},"author":1,"featured_media":0,"comment_status":"closed","ping_status":"closed","sticky":false,"template":"","format":"standard","meta":{"footnotes":""},"categories":[14],"tags":[],"class_list":["post-20997","post","type-post","status-publish","format-standard","hentry","category-geral"],"_links":{"self":[{"href":"https:\/\/www.corumbaonline.com.br\/news\/wp-json\/wp\/v2\/posts\/20997","targetHints":{"allow":["GET"]}}],"collection":[{"href":"https:\/\/www.corumbaonline.com.br\/news\/wp-json\/wp\/v2\/posts"}],"about":[{"href":"https:\/\/www.corumbaonline.com.br\/news\/wp-json\/wp\/v2\/types\/post"}],"author":[{"embeddable":true,"href":"https:\/\/www.corumbaonline.com.br\/news\/wp-json\/wp\/v2\/users\/1"}],"replies":[{"embeddable":true,"href":"https:\/\/www.corumbaonline.com.br\/news\/wp-json\/wp\/v2\/comments?post=20997"}],"version-history":[{"count":1,"href":"https:\/\/www.corumbaonline.com.br\/news\/wp-json\/wp\/v2\/posts\/20997\/revisions"}],"predecessor-version":[{"id":20998,"href":"https:\/\/www.corumbaonline.com.br\/news\/wp-json\/wp\/v2\/posts\/20997\/revisions\/20998"}],"wp:attachment":[{"href":"https:\/\/www.corumbaonline.com.br\/news\/wp-json\/wp\/v2\/media?parent=20997"}],"wp:term":[{"taxonomy":"category","embeddable":true,"href":"https:\/\/www.corumbaonline.com.br\/news\/wp-json\/wp\/v2\/categories?post=20997"},{"taxonomy":"post_tag","embeddable":true,"href":"https:\/\/www.corumbaonline.com.br\/news\/wp-json\/wp\/v2\/tags?post=20997"}],"curies":[{"name":"wp","href":"https:\/\/api.w.org\/{rel}","templated":true}]}}