{"id":21009,"date":"2018-08-08T11:05:15","date_gmt":"2018-08-08T15:05:15","guid":{"rendered":"http:\/\/www.corumbaonline.com.br\/news\/?p=21009"},"modified":"2018-08-08T11:10:31","modified_gmt":"2018-08-08T15:10:31","slug":"corumba-abre-agosto-lilas-com-acoes-para-reduzir-violencia-contra-a-mulher","status":"publish","type":"post","link":"https:\/\/www.corumbaonline.com.br\/news\/corumba-abre-agosto-lilas-com-acoes-para-reduzir-violencia-contra-a-mulher\/","title":{"rendered":"Corumb\u00e1 abre Agosto Lil\u00e1s com a\u00e7\u00f5es para reduzir viol\u00eancia contra a mulher"},"content":{"rendered":"<p>A Prefeitura de Corumb\u00e1 abriu oficialmente a campanha Agosto Lil\u00e1s na noite desta ter\u00e7a-feira, 07 de agosto. O objetivo \u00e9 sensibilizar a sociedade para o fim da viol\u00eancia contra mulheres e meninas por meio de a\u00e7\u00f5es de mobiliza\u00e7\u00e3o, palestras, debates, encontros, panfletagens, eventos e semin\u00e1rios visando \u00e0 divulga\u00e7\u00e3o da Lei Maria da Penha, estendendo-se as atividades durante todo o m\u00eas de agosto, para o p\u00fablico em geral. A solenidade de abertura aconteceu no audit\u00f3rio da Associa\u00e7\u00e3o Comercial (ACIC) e foi comandada pela Secretaria Especial de Cidadania e Direitos Humanos.<\/p>\n<p>&nbsp;<\/p>\n<p>A campanha Agosto Lil\u00e1s tornou-se lei estadual (n\u00b0 4.969) em maio de 2016. No ano seguinte, por indica\u00e7\u00e3o do vereador Manoel Rodrigues, a campanha Agosto Lil\u00e1s tornou-se lei municipal (n\u00b0 2.583). Tem o objetivo de difundir nas escolas a Lei Maria da Penha.<\/p>\n<p>&nbsp;<\/p>\n<p>Desde a sua cria\u00e7\u00e3o, a Secretaria Especial de Cidadania e Direitos Humanos, atrav\u00e9s de sua Coordenadoria de Pol\u00edticas P\u00fablicas para as Mulheres, tem realizado palestras informativas n\u00e3o s\u00f3 nas escolas, mas em igrejas, associa\u00e7\u00f5es, CRAS, no Pantanal, assentamentos, rural, no estabelecimento penal e empresas.<\/p>\n<p>&nbsp;<\/p>\n<p>Neste ano, a campanha em Corumb\u00e1 ter\u00e1 uma novidade, as orienta\u00e7\u00f5es e informa\u00e7\u00f5es em torno da Lei Maria da Penha ser\u00e3o levadas aos terreiros. A ideia tamb\u00e9m \u00e9 levar esclarecimentos sobre a lei aos alunos das escolas municipais e estaduais. A Secretaria Especial de Cidadania e Direitos Humanos estendeu a a\u00e7\u00e3o a outras organiza\u00e7\u00f5es e realiza a\u00e7\u00f5es educativas e preventivas durante todo o ano.<\/p>\n<p>&nbsp;<\/p>\n<p>Rodas de conversa, entrega de folder, exibi\u00e7\u00e3o de v\u00eddeos, debates e palestras s\u00e3o alguns dos recursos utilizados para a divulga\u00e7\u00e3o da Lei Maria da Penha. A campanha \u00e9 realizada anualmente, no m\u00eas de agosto, em alus\u00e3o \u00e0 san\u00e7\u00e3o da Lei Maria da Penha, que neste ano completa 12 anos.<\/p>\n<p>&nbsp;<\/p>\n<p>A viol\u00eancia contra a mulher \u00e9 considerada n\u00e3o apenas como um problema de ordem privada ou individual, mas como um fen\u00f4meno estrutural, de responsabilidade da sociedade como um todo. Afeta mulheres de todas as classes sociais, idades, n\u00edvel de escolaridade, ra\u00e7a e religi\u00f5es. \u00c9 amplamente definida como qualquer ato que possa causar dano f\u00edsico, sexual, psicol\u00f3gico ou sofrimento extremo a uma mulher. A viol\u00eancia dom\u00e9stica e familiar, prevista na Lei Maria da Penha, pode ocorrer em casa, entre pessoas da fam\u00edlia e entre pessoas que mantenham rela\u00e7\u00f5es \u00edntimas de afeto, mesmo sem a conviv\u00eancia sob o mesmo teto.<\/p>\n<p>&nbsp;<\/p>\n<p>Representando a C\u00e2mara Municipal, o vereador Manoel Rodrigues disse que Corumb\u00e1 j\u00e1 tem toda uma rede de enfrentamento pronta e atuante e agora o Munic\u00edpio busca avan\u00e7ar na prote\u00e7\u00e3o e seguran\u00e7as \u00e0s mulheres v\u00edtimas de viol\u00eancia dom\u00e9stica. \u201cNosso desafio n\u00e3o \u00e9 mais denunciar, \u00e9 proteger esta mulher que est\u00e1 denunciando. Al\u00e9m de denunciar, como vamos proteger as mulheres que est\u00e3o denunciando, promover a ressocializa\u00e7\u00e3o do agressor, ter investimentos em pol\u00edtica p\u00fablica para as mulheres e tra\u00e7ar metas. Acredito que 2018 ser\u00e1 melhor que 2017 e vamos alcan\u00e7ar nosso objetivo e dar seguran\u00e7a e proteger as mulheres\u201d, afirmou o parlamentar.<\/p>\n<p>&nbsp;<\/p>\n<p>A primeira-dama e secret\u00e1ria Especial de Cidadania e Direitos Humanos, Amanda Balancieri Iunes, destacou que a conscientiza\u00e7\u00e3o \u00e9 fundamental para a redu\u00e7\u00e3o dos casos de viol\u00eancia dom\u00e9stica. \u201cPara proteger \u00e9 necess\u00e1rio, antes de tudo, a conscientiza\u00e7\u00e3o e levar essa conscientiza\u00e7\u00e3o ao p\u00fablico, come\u00e7ando pelos jovens. Esse in\u00edcio com a juventude \u00e9 para mudar, desde cedo, essa concep\u00e7\u00e3o machista que existe na sociedade, vamos come\u00e7ar a trabalhar com nossos jovens. Existe o projeto da Lei Maria da Penha vai \u00e0 Escola, mas vamos a todos os lugares, ao campo, ao Pantanal com o programa Povo das \u00c1guas. Este ano vamos aos terreiros e queremos atingir o m\u00e1ximo poss\u00edvel de pessoas com a conscientiza\u00e7\u00e3o\u201d, disse.<\/p>\n<p>&nbsp;<\/p>\n<p>Amanda Iunes enfatizou que o trabalho da Secretaria Especial de Cidadania e Direitos Humanos junto \u00e0 rede de prote\u00e7\u00e3o \u00e0s mulheres em situa\u00e7\u00e3o de viol\u00eancia traz resultados positivos. \u201c\u00c9 recompensador porque a partir do momento que vemos as mulheres denunciando, dizendo n\u00e3o \u00e0 agress\u00e3o e a viol\u00eancia diminui. Metemos a colher para salvar a vida sim, pode salvar uma vida ao denunciar\u201d, finalizou.<\/p>\n<p>&nbsp;<\/p>\n<p>A solenidade de abertura oficial da Campanha Agosto Lil\u00e1s foi encerrada pela coordenadora de Pol\u00edticas P\u00fablicas para as Mulheres, W\u00e2nia Alecrim de Lima, que apresentou o slide que ser\u00e1 utilizado para levar as orienta\u00e7\u00f5es sobre a Lei Maria da Penha nas escolas e organiza\u00e7\u00f5es.<\/p>\n","protected":false},"excerpt":{"rendered":"<p>A Prefeitura de Corumb\u00e1 abriu oficialmente a campanha Agosto Lil\u00e1s na noite desta ter\u00e7a-feira, 07&#8230;<\/p>\n","protected":false},"author":1,"featured_media":21010,"comment_status":"closed","ping_status":"closed","sticky":false,"template":"","format":"standard","meta":{"footnotes":""},"categories":[8,14],"tags":[],"class_list":["post-21009","post","type-post","status-publish","format-standard","has-post-thumbnail","hentry","category-destaque","category-geral"],"_links":{"self":[{"href":"https:\/\/www.corumbaonline.com.br\/news\/wp-json\/wp\/v2\/posts\/21009","targetHints":{"allow":["GET"]}}],"collection":[{"href":"https:\/\/www.corumbaonline.com.br\/news\/wp-json\/wp\/v2\/posts"}],"about":[{"href":"https:\/\/www.corumbaonline.com.br\/news\/wp-json\/wp\/v2\/types\/post"}],"author":[{"embeddable":true,"href":"https:\/\/www.corumbaonline.com.br\/news\/wp-json\/wp\/v2\/users\/1"}],"replies":[{"embeddable":true,"href":"https:\/\/www.corumbaonline.com.br\/news\/wp-json\/wp\/v2\/comments?post=21009"}],"version-history":[{"count":1,"href":"https:\/\/www.corumbaonline.com.br\/news\/wp-json\/wp\/v2\/posts\/21009\/revisions"}],"predecessor-version":[{"id":21011,"href":"https:\/\/www.corumbaonline.com.br\/news\/wp-json\/wp\/v2\/posts\/21009\/revisions\/21011"}],"wp:featuredmedia":[{"embeddable":true,"href":"https:\/\/www.corumbaonline.com.br\/news\/wp-json\/wp\/v2\/media\/21010"}],"wp:attachment":[{"href":"https:\/\/www.corumbaonline.com.br\/news\/wp-json\/wp\/v2\/media?parent=21009"}],"wp:term":[{"taxonomy":"category","embeddable":true,"href":"https:\/\/www.corumbaonline.com.br\/news\/wp-json\/wp\/v2\/categories?post=21009"},{"taxonomy":"post_tag","embeddable":true,"href":"https:\/\/www.corumbaonline.com.br\/news\/wp-json\/wp\/v2\/tags?post=21009"}],"curies":[{"name":"wp","href":"https:\/\/api.w.org\/{rel}","templated":true}]}}