{"id":21014,"date":"2018-08-08T11:36:28","date_gmt":"2018-08-08T15:36:28","guid":{"rendered":"http:\/\/www.corumbaonline.com.br\/news\/?p=21014"},"modified":"2018-08-08T11:51:47","modified_gmt":"2018-08-08T15:51:47","slug":"brasil-e-mais-onze-paises-assinam-documento-para-prevencao-e-enfretamento-do-avc","status":"publish","type":"post","link":"https:\/\/www.corumbaonline.com.br\/news\/brasil-e-mais-onze-paises-assinam-documento-para-prevencao-e-enfretamento-do-avc\/","title":{"rendered":"Brasil e mais onze pa\u00edses assinam documento para preven\u00e7\u00e3o e enfretamento do AVC"},"content":{"rendered":"<p>Reduzir a mortalidade por Acidente Vascular Cerebral (AVC) e promover a sa\u00fade mental e o bem-estar da popula\u00e7\u00e3o at\u00e9 2030. Esses s\u00e3o os principais objetivos da Carta de Gramado, documento assinado pelo Brasil juntamente com mais 11 pa\u00edses da Am\u00e9rica Latina, durante o XXI Congresso Iberoamericano de Doen\u00e7as Cerebrovasculares, no Encontro Interministerial Latinoamericano de AVC, em Gramado (RS). A assinatura do documento marca o m\u00eas de agosto, quando se comemora o Dia Nacional de Combate ao Colesterol, nesta ter\u00e7a-feira (08). O colesterol alto \u00e9 um dos fatores de risco do AVC.<\/p>\n<p>A coopera\u00e7\u00e3o internacional para avan\u00e7ar nas estrat\u00e9gias de combate ao AVC foi firmada pelo Brasil, Argentina, Bol\u00edvia, Chile, Col\u00f4mbia, Costa Rica, Equador, M\u00e9xico, Panam\u00e1, Paraguai, Peru e Uruguai. A doen\u00e7a \u00e9 a segunda causa de morte na maior parte desses pa\u00edses. Atualmente, o Brasil \u00e9 refer\u00eancia no tratamento do AVC para os demais pa\u00edses da Am\u00e9rica Latina, j\u00e1 dispondo de\u00a0<a href=\"http:\/\/bvsms.saude.gov.br\/bvs\/saudelegis\/gm\/2012\/PRT0665_12_04_2012.html\" target=\"_blank\" rel=\"noopener noreferrer\">Linha de Cuidados em AVC<\/a>estabelecida como pol\u00edtica p\u00fablica de sa\u00fade.<\/p>\n<p>\u201cN\u00f3s estamos de uma forma muita clara, objetiva e, principalmente, junto \u00e0 Sociedade Brasileira de Neurocirurgia verificando tudo aquilo que \u00e9 necess\u00e1rio dentro da linha de cuidados para avan\u00e7ar cada vez mais no atendimento a pacientes v\u00edtimas de AVC\u201d, explicou o secret\u00e1rio de Aten\u00e7\u00e3o \u00e0 Sa\u00fade do Minist\u00e9rio da Sa\u00fade, Francisco de Assis, durante a apresenta\u00e7\u00e3o das a\u00e7\u00f5es realizadas pela pasta para preven\u00e7\u00e3o, tratamento e reabilita\u00e7\u00e3o das pessoas acometidas pelo AVC. Na ocasi\u00e3o, o secret\u00e1rio representou o ministro da Sa\u00fade do Brasil.<\/p>\n<h2><strong>CARTA DE GRAMADO<\/strong><\/h2>\n<p>Na Declara\u00e7\u00e3o, os pa\u00edses se comprometem em: proporcionar educa\u00e7\u00e3o da popula\u00e7\u00e3o quanto aos sinais de alerta, urg\u00eancia no tratamento e controle dos fatores de risco; promover ambientes seguros e saud\u00e1veis para estimular a realiza\u00e7\u00e3o de atividade f\u00edsica; implantar pol\u00edticas para o controle do tabaco; estimular a alimenta\u00e7\u00e3o saud\u00e1vel, para reduzir o consumo de sal, uso prejudicial de \u00e1lcool e controlar o peso; visando diminuir a incid\u00eancia de doen\u00e7as cardio e cerebrovasculares.<\/p>\n<p>Os compromissos tamb\u00e9m incluem estabelecer estrat\u00e9gias de detec\u00e7\u00e3o de fatores de risco trat\u00e1veis como hipertens\u00e3o, fibrila\u00e7\u00e3o atrial, diabetes e dislipdemias; promover a aten\u00e7\u00e3o, visando ao controle dos fatores de risco trat\u00e1veis; organizar o atendimento pr\u00e9-hospitalar, priorizando o paciente com AVC; priorizar a estrutura\u00e7\u00e3o de centros de AVC, organizar unidades de AVC com \u00e1rea f\u00edsica definida e equipe multidisciplinar capacitada, disponibilizar tratamentos de fase aguda baseados em evid\u00eancia, disponibilizar exames para investiga\u00e7\u00e3o etiol\u00f3gica m\u00ednima, promover alta hospitalar para prescri\u00e7\u00e3o de preven\u00e7\u00e3o secund\u00e1ria, estimular o uso de telemedicina nos hospitais sem acesso e especialista em tempo integral para orienta\u00e7\u00e3o do tratamento agudo.<\/p>\n<p>O pr\u00f3ximo passo em rela\u00e7\u00e3o ao encontro ministerial ser\u00e1 encaminhar a Carta de Gramado para todos os pa\u00edses que a assinaram para que possam implementar as recomenda\u00e7\u00f5es estabelecidas.<\/p>\n<h2><strong>PANORAMA DO AVC NO BRASIL \u00a0<\/strong><\/h2>\n<p>Anualmente doen\u00e7as cardiovasculares, respirat\u00f3rias cr\u00f4nicas, diabetes e c\u00e2ncer respondem por 74% dos \u00f3bitos e s\u00e3o a primeira causa de mortes no pa\u00eds. Estat\u00edsticas Brasileiras indicam que a doen\u00e7a \u00e9 a causa mais frequente de \u00f3bito na popula\u00e7\u00e3o adulta (10% dos \u00f3bitos) e consiste no diagn\u00f3stico de 10% das interna\u00e7\u00f5es no Sistema \u00danico de Sa\u00fade (SUS).<\/p>\n<p>Em 2016 foram 188.223 interna\u00e7\u00f5es para o tratamento de AVC isqu\u00eamico e hemorr\u00e1gico no SUS. Sobre as mortes, a pasta registrou em 2016, no Sistema de Informa\u00e7\u00e3o sobre Mortalidade (SIM), 40.019 \u00f3bitos por AVC.<\/p>\n<h2><strong>AVAN\u00c7OS NO SUS<\/strong><\/h2>\n<p>O Minist\u00e9rio da Sa\u00fade lan\u00e7ou o Plano de A\u00e7\u00f5es Estrat\u00e9gicas para o Enfrentamento das Doen\u00e7as Cr\u00f4nicas N\u00e3o Transmiss\u00edveis (DCNT),\u00a0que tem a expans\u00e3o da Aten\u00e7\u00e3o B\u00e1sica como uma das principais a\u00e7\u00f5es de enfrentamento, uma vez que nessa \u00e1rea \u00e9 poss\u00edvel resolver at\u00e9 80% dos problemas de sa\u00fade. O conjunto de a\u00e7\u00f5es do Governo Federal, com expans\u00e3o do acesso a servi\u00e7os de sa\u00fade, diagn\u00f3stico precoce e tratamento, al\u00e9m das a\u00e7\u00f5es de promo\u00e7\u00e3o da sa\u00fade, como a redu\u00e7\u00e3o do s\u00f3dio e do a\u00e7\u00facar nos alimentos, j\u00e1 impacta na queda de \u00f3bitos precoce por Doen\u00e7as Cr\u00f4nicas N\u00e3o Transmiss\u00edveis, entre elas, o AVC.<\/p>\n<p>Dados do Sistema de Informa\u00e7\u00e3o sobre Mortalidade (SIM) do Minist\u00e9rio da Sa\u00fade mostra uma redu\u00e7\u00e3o anual de 2,6% da mortalidade prematura por doen\u00e7as cr\u00f4nicas entre adultos (30 a 69 anos). Com isso, o Brasil j\u00e1 cumpre a meta para reduzir mortalidade por doen\u00e7as cr\u00f4nicas parte do Plano de A\u00e7\u00f5es Estrat\u00e9gicas para o Enfrentamento das Doen\u00e7as Cr\u00f4nicas N\u00e3o Transmiss\u00edveis no Brasil 2011-2022. A meta inicial era de reduzir as taxas de mortalidade prematuras em 2% ao ano at\u00e9 2022.<\/p>\n<p>Para o atendimento especializado, atualmente s\u00e3o 60 estabelecimentos habilitados como Centros de Atendimento de Urg\u00eancia aos Pacientes com AVC. Com foco na reabilita\u00e7\u00e3o de pacientes com les\u00f5es neurol\u00f3gicas devido a doen\u00e7a, desde 2012, o Minist\u00e9rio da Sa\u00fade habilitou 203 Centros Especializados em Reabilita\u00e7\u00e3o (CER) em todo o pa\u00eds, al\u00e9m de 36 Oficinas Ortop\u00e9dicas.<\/p>\n","protected":false},"excerpt":{"rendered":"<p>Reduzir a mortalidade por Acidente Vascular Cerebral (AVC) e promover a sa\u00fade mental e o&#8230;<\/p>\n","protected":false},"author":1,"featured_media":0,"comment_status":"closed","ping_status":"closed","sticky":false,"template":"","format":"standard","meta":{"footnotes":""},"categories":[21],"tags":[],"class_list":["post-21014","post","type-post","status-publish","format-standard","hentry","category-saude"],"_links":{"self":[{"href":"https:\/\/www.corumbaonline.com.br\/news\/wp-json\/wp\/v2\/posts\/21014","targetHints":{"allow":["GET"]}}],"collection":[{"href":"https:\/\/www.corumbaonline.com.br\/news\/wp-json\/wp\/v2\/posts"}],"about":[{"href":"https:\/\/www.corumbaonline.com.br\/news\/wp-json\/wp\/v2\/types\/post"}],"author":[{"embeddable":true,"href":"https:\/\/www.corumbaonline.com.br\/news\/wp-json\/wp\/v2\/users\/1"}],"replies":[{"embeddable":true,"href":"https:\/\/www.corumbaonline.com.br\/news\/wp-json\/wp\/v2\/comments?post=21014"}],"version-history":[{"count":1,"href":"https:\/\/www.corumbaonline.com.br\/news\/wp-json\/wp\/v2\/posts\/21014\/revisions"}],"predecessor-version":[{"id":21015,"href":"https:\/\/www.corumbaonline.com.br\/news\/wp-json\/wp\/v2\/posts\/21014\/revisions\/21015"}],"wp:attachment":[{"href":"https:\/\/www.corumbaonline.com.br\/news\/wp-json\/wp\/v2\/media?parent=21014"}],"wp:term":[{"taxonomy":"category","embeddable":true,"href":"https:\/\/www.corumbaonline.com.br\/news\/wp-json\/wp\/v2\/categories?post=21014"},{"taxonomy":"post_tag","embeddable":true,"href":"https:\/\/www.corumbaonline.com.br\/news\/wp-json\/wp\/v2\/tags?post=21014"}],"curies":[{"name":"wp","href":"https:\/\/api.w.org\/{rel}","templated":true}]}}