{"id":21018,"date":"2018-08-08T12:00:32","date_gmt":"2018-08-08T16:00:32","guid":{"rendered":"http:\/\/www.corumbaonline.com.br\/news\/?p=21018"},"modified":"2018-08-08T12:38:24","modified_gmt":"2018-08-08T16:38:24","slug":"acao-educativa-alerta-populacao-durante-o-dia-mundial-do-pedestre","status":"publish","type":"post","link":"https:\/\/www.corumbaonline.com.br\/news\/acao-educativa-alerta-populacao-durante-o-dia-mundial-do-pedestre\/","title":{"rendered":"A\u00e7\u00e3o educativa alerta popula\u00e7\u00e3o durante o Dia Mundial do Pedestre"},"content":{"rendered":"<p>Nos primeiros seis meses de 2018, 53 pessoas deram entrada nos servi\u00e7os de urg\u00eancia e emerg\u00eancia de Corumb\u00e1 v\u00edtimas de atropelamento. Os dados do setor de Doen\u00e7as e Agravos N\u00e3o Transmiss\u00edveis (DANT), ligado \u00e0 Secretaria Municipal de Sa\u00fade, mostram que, apesar do trabalho intenso realizado pela Prefeitura e parceiros, ainda falta conscientiza\u00e7\u00e3o de muitos condutores e pedestres na cidade.<\/p>\n<p>&nbsp;<\/p>\n<p>Por isso, a Ag\u00eancia Municipal de Tr\u00e2nsito e Transporte (AGETRAT) celebrou o Dia Mundial do Pedestre, comemorado nesta quarta-feira, 8 de agosto, com uma grande a\u00e7\u00e3o educativa no Centro da cidade. No cruzamento das ruas Frei Mariano e Delamare, um dos mais movimentados de Corumb\u00e1, v\u00e1rias atividades foram realizadas para chamar a aten\u00e7\u00e3o dos transeuntes.<\/p>\n<p>&nbsp;<\/p>\n<p>Um tapete vermelho foi estendido no cruzamento das vias, uma forma de valorizar as pessoas que buscam a forma correta e menos arriscada de atravessar a rua. Panfletos informativos foram entregues inclusive aos motoristas, enquanto palha\u00e7os e o Farolito, mascote da AGETRAT, tamb\u00e9m incentivavam a utiliza\u00e7\u00e3o da faixa.<\/p>\n<p>&nbsp;<\/p>\n<p>\u201cNossa inten\u00e7\u00e3o \u00e9 de conscientizar os pedestres e os condutores sobre a faixa de pedestres. Quem est\u00e1 a p\u00e9 precisa usa-la e n\u00e3o se arriscar pelo meio da rua, e quem est\u00e1 motorizado precisa respeita-la\u201d, afirmou o diretor-presidente da Ag\u00eancia Municipal de Tr\u00e2nsito e Transporte, Sicard Maciel de Barros.<\/p>\n<p>&nbsp;<\/p>\n<p>De acordo com o supervisor da Educa\u00e7\u00e3o para o Tr\u00e2nsito da AGETRAT, Jeferson Braga, a falta de respeitos \u00e0s Leis de Tr\u00e2nsito j\u00e1 fizeram duas v\u00edtimas fatais neste ano. \u201cA conscientiza\u00e7\u00e3o \u00e9 o principal caminho para reduzirmos o numero de acidentes envolvendo pedestres\u201d, comentou. Desde o m\u00eas passado, a AGETRAT tem refor\u00e7ado a pintura das faixas e lombadas em v\u00e1rias regi\u00f5es.<\/p>\n<p>&nbsp;<\/p>\n<p><strong>Dia Mundial<\/strong><\/p>\n<p>&nbsp;<\/p>\n<p>A Organiza\u00e7\u00e3o Mundial da Sa\u00fade (OMS) \u00e9 um \u00f3rg\u00e3o da ONU que preocupa-se com as condi\u00e7\u00f5es de vida e sa\u00fade das pessoas ao redor do mundo. Foi a OMS quem liderou a proposta de tornar o per\u00edodo entre 2011 e 2020 uma d\u00e9cada focada em diminuir a viol\u00eancia no tr\u00e2nsito.<\/p>\n<p>&nbsp;<\/p>\n<p>Entre os principais esfor\u00e7os desta d\u00e9cada est\u00e1 um tema que contribui muito com as demandas do Dia Mundial do Pedestre: reduzir as mortes no tr\u00e2nsito. Al\u00e9m de reconhecer a data, de 8 de agosto, ela promove as Semanas Globais de Seguran\u00e7a nas Ruas, que tentam transformar a vida no tr\u00e2nsito em algo mais tranquilo para todas as pessoas.<\/p>\n","protected":false},"excerpt":{"rendered":"<p>Nos primeiros seis meses de 2018, 53 pessoas deram entrada nos servi\u00e7os de urg\u00eancia e&#8230;<\/p>\n","protected":false},"author":1,"featured_media":21019,"comment_status":"closed","ping_status":"closed","sticky":false,"template":"","format":"standard","meta":{"footnotes":""},"categories":[14],"tags":[],"class_list":["post-21018","post","type-post","status-publish","format-standard","has-post-thumbnail","hentry","category-geral"],"_links":{"self":[{"href":"https:\/\/www.corumbaonline.com.br\/news\/wp-json\/wp\/v2\/posts\/21018","targetHints":{"allow":["GET"]}}],"collection":[{"href":"https:\/\/www.corumbaonline.com.br\/news\/wp-json\/wp\/v2\/posts"}],"about":[{"href":"https:\/\/www.corumbaonline.com.br\/news\/wp-json\/wp\/v2\/types\/post"}],"author":[{"embeddable":true,"href":"https:\/\/www.corumbaonline.com.br\/news\/wp-json\/wp\/v2\/users\/1"}],"replies":[{"embeddable":true,"href":"https:\/\/www.corumbaonline.com.br\/news\/wp-json\/wp\/v2\/comments?post=21018"}],"version-history":[{"count":1,"href":"https:\/\/www.corumbaonline.com.br\/news\/wp-json\/wp\/v2\/posts\/21018\/revisions"}],"predecessor-version":[{"id":21020,"href":"https:\/\/www.corumbaonline.com.br\/news\/wp-json\/wp\/v2\/posts\/21018\/revisions\/21020"}],"wp:featuredmedia":[{"embeddable":true,"href":"https:\/\/www.corumbaonline.com.br\/news\/wp-json\/wp\/v2\/media\/21019"}],"wp:attachment":[{"href":"https:\/\/www.corumbaonline.com.br\/news\/wp-json\/wp\/v2\/media?parent=21018"}],"wp:term":[{"taxonomy":"category","embeddable":true,"href":"https:\/\/www.corumbaonline.com.br\/news\/wp-json\/wp\/v2\/categories?post=21018"},{"taxonomy":"post_tag","embeddable":true,"href":"https:\/\/www.corumbaonline.com.br\/news\/wp-json\/wp\/v2\/tags?post=21018"}],"curies":[{"name":"wp","href":"https:\/\/api.w.org\/{rel}","templated":true}]}}