{"id":21023,"date":"2018-08-08T14:34:52","date_gmt":"2018-08-08T18:34:52","guid":{"rendered":"http:\/\/www.corumbaonline.com.br\/news\/?p=21023"},"modified":"2018-08-08T14:34:52","modified_gmt":"2018-08-08T18:34:52","slug":"brasil-tem-1-100-casos-confirmados-de-sarampo","status":"publish","type":"post","link":"https:\/\/www.corumbaonline.com.br\/news\/brasil-tem-1-100-casos-confirmados-de-sarampo\/","title":{"rendered":"Brasil tem 1.100 casos confirmados de sarampo"},"content":{"rendered":"<p>Boletim epidemiol\u00f3gico divulgado pelo Minist\u00e9rio da Sa\u00fade revela que o pa\u00eds j\u00e1 registra 1.100 casos confirmados de sarampo, sendo 788 no Amazonas e 281 em Roraima. H\u00e1 ainda casos considerados isolados em S\u00e3o Paulo (1), no Rio de Janeiro (14), no Rio Grande do Sul (13), em Rond\u00f4nia (1) e no Par\u00e1 (2).<\/p>\n<p>De acordo com a pasta, pelo menos 5.058 casos permanecem em investiga\u00e7\u00e3o no Amazonas e 111 em Roraima. Al\u00e9m disso, at\u00e9 o momento, cinco \u00f3bitos por sarampo foram confirmados no pa\u00eds \u2013 quatro em Roraima (tr\u00eas em estrangeiros e um em brasileiro) e um no Amazonas (em brasileiro).<\/p>\n<h2>Campanha<\/h2>\n<p>A Campanha Nacional de Vacina\u00e7\u00e3o Contra a Poliomielite e Sarampo come\u00e7ou na \u00faltima segunda-feira (6) e segue at\u00e9 31 de agosto. O Dia D de mobiliza\u00e7\u00e3o nacional est\u00e1 marcado para o dia 18 (s\u00e1bado), quando mais de 36 mil postos de sa\u00fade estar\u00e3o abertos no pa\u00eds. No total, 11,2 milh\u00f5es de crian\u00e7as devem ser vacinadas.<\/p>\n<p>A meta \u00e9 imunizar pelo menos 95% do p\u00fablico-alvo, numa tentativa de reduzir a possibilidade de retorno da p\u00f3lio e a chamada reemerg\u00eancia do sarampo, doen\u00e7as j\u00e1 eliminadas no Brasil. Em 2017, dados preliminares apontam que a cobertura no Brasil foi de 85,2% na primeira dose contra o sarampo (tr\u00edplice viral) e de 69,9% na segunda dose (tetra viral).<\/p>\n<p>Todas as crian\u00e7as com idade entre 1 ano e menores de 5 anos devem ser levadas aos postos de vacina\u00e7\u00e3o, independentemente da situa\u00e7\u00e3o vacinal.<\/p>\n<p>Com base em informa\u00e7\u00f5es divulgadas pelo Minist\u00e9rio da Sa\u00fade, a\u00a0<strong>Ag\u00eancia Brasil<\/strong>formulou as principais perguntas e respostas relacionadas \u00e0 campanha. Veja abaixo:<\/p>\n<p>&nbsp;<\/p>\n<p><strong>Quando e onde ocorre a campanha?<\/strong><\/p>\n<p>Entre os dias 6 e 31 de agosto, em postos de sa\u00fade de todo o pa\u00eds. O Dia D est\u00e1 marcado para 18 de agosto, um s\u00e1bado.<\/p>\n<p>&nbsp;<\/p>\n<p><strong>Qual o foco da campanha?<\/strong><\/p>\n<p>Crian\u00e7as com idade entre 1 ano e 5 anos incompletos (4 anos e 11 meses).<\/p>\n<p>&nbsp;<\/p>\n<p><strong>Crian\u00e7as que j\u00e1 foram vacinadas anteriormente devem ser levadas aos postos?<\/strong><\/p>\n<p>Sim. Todas as crian\u00e7as com idade entre 1 ano e menores de 5 anos devem comparecer aos postos. Quem estiver com o esquema vacinal incompleto receber\u00e1 as doses necess\u00e1rias para atualiza\u00e7\u00e3o e quem estiver com o esquema vacinal completo receber\u00e1 outro refor\u00e7o.<\/p>\n<p>&nbsp;<\/p>\n<p><strong>Qual a vacina usada contra a p\u00f3lio?<\/strong><\/p>\n<p>Crian\u00e7as que nunca foram imunizadas contra a p\u00f3lio v\u00e3o receber a Vacina Inativada Poliomielite (VIP), na forma injet\u00e1vel. Crian\u00e7as que j\u00e1 receberam uma ou mais doses contra a p\u00f3lio v\u00e3o receber a Vacina Oral Poliomielite (VOP), na forma de gotinha.<\/p>\n<p>&nbsp;<\/p>\n<p><strong>Qual a vacina usada contra o sarampo?<\/strong><\/p>\n<p>A vacina contra o sarampo usada na campanha \u00e9 a tr\u00edplice viral, que protege tamb\u00e9m contra a rub\u00e9ola e a caxumba. Todas as crian\u00e7as na faixa et\u00e1ria estabelecida v\u00e3o receber uma dose da tr\u00edplice viral, independentemente de sua situa\u00e7\u00e3o vacinal, desde que n\u00e3o tenham sido vacinadas nos \u00faltimos 30 dias.<\/p>\n<p>&nbsp;<\/p>\n<p><strong>Adultos participam da campanha?<\/strong><\/p>\n<p>N\u00e3o. A campanha tem como foco crian\u00e7as com idade entre 1 ano e menores de 5 anos.<\/p>\n<p>&nbsp;<\/p>\n<p><strong>Mesmo n\u00e3o sendo foco da campanha, adultos precisam de alguma das duas doses?<\/strong><\/p>\n<p>Sim. Conforme previsto no Calend\u00e1rio Nacional de Vacina\u00e7\u00e3o, adultos com at\u00e9 29 anos que n\u00e3o tiverem completado o esquema na inf\u00e2ncia devem receber duas doses da tr\u00edplice viral e adultos com idade entre 30 e 49 anos devem receber uma dose da tr\u00edplice viral. O adulto que n\u00e3o souber sua situa\u00e7\u00e3o vacinal deve procurar o posto de sa\u00fade mais pr\u00f3ximo para tomar as doses previstas para sua faixa et\u00e1ria.<\/p>\n","protected":false},"excerpt":{"rendered":"<p>Boletim epidemiol\u00f3gico divulgado pelo Minist\u00e9rio da Sa\u00fade revela que o pa\u00eds j\u00e1 registra 1.100 casos&#8230;<\/p>\n","protected":false},"author":1,"featured_media":0,"comment_status":"closed","ping_status":"closed","sticky":false,"template":"","format":"standard","meta":{"footnotes":""},"categories":[21],"tags":[],"class_list":["post-21023","post","type-post","status-publish","format-standard","hentry","category-saude"],"_links":{"self":[{"href":"https:\/\/www.corumbaonline.com.br\/news\/wp-json\/wp\/v2\/posts\/21023","targetHints":{"allow":["GET"]}}],"collection":[{"href":"https:\/\/www.corumbaonline.com.br\/news\/wp-json\/wp\/v2\/posts"}],"about":[{"href":"https:\/\/www.corumbaonline.com.br\/news\/wp-json\/wp\/v2\/types\/post"}],"author":[{"embeddable":true,"href":"https:\/\/www.corumbaonline.com.br\/news\/wp-json\/wp\/v2\/users\/1"}],"replies":[{"embeddable":true,"href":"https:\/\/www.corumbaonline.com.br\/news\/wp-json\/wp\/v2\/comments?post=21023"}],"version-history":[{"count":1,"href":"https:\/\/www.corumbaonline.com.br\/news\/wp-json\/wp\/v2\/posts\/21023\/revisions"}],"predecessor-version":[{"id":21024,"href":"https:\/\/www.corumbaonline.com.br\/news\/wp-json\/wp\/v2\/posts\/21023\/revisions\/21024"}],"wp:attachment":[{"href":"https:\/\/www.corumbaonline.com.br\/news\/wp-json\/wp\/v2\/media?parent=21023"}],"wp:term":[{"taxonomy":"category","embeddable":true,"href":"https:\/\/www.corumbaonline.com.br\/news\/wp-json\/wp\/v2\/categories?post=21023"},{"taxonomy":"post_tag","embeddable":true,"href":"https:\/\/www.corumbaonline.com.br\/news\/wp-json\/wp\/v2\/tags?post=21023"}],"curies":[{"name":"wp","href":"https:\/\/api.w.org\/{rel}","templated":true}]}}