{"id":21025,"date":"2018-08-08T15:46:09","date_gmt":"2018-08-08T19:46:09","guid":{"rendered":"http:\/\/www.corumbaonline.com.br\/news\/?p=21025"},"modified":"2018-08-08T15:46:09","modified_gmt":"2018-08-08T19:46:09","slug":"dias-toffoli-e-eleito-presidente-do-supremo-com-mandato-ate-2020","status":"publish","type":"post","link":"https:\/\/www.corumbaonline.com.br\/news\/dias-toffoli-e-eleito-presidente-do-supremo-com-mandato-ate-2020\/","title":{"rendered":"Dias Toffoli \u00e9 eleito presidente do Supremo com mandato at\u00e9 2020"},"content":{"rendered":"<p>O ministro do Supremo Tribunal Federal (STF) Dias Toffoli foi eleito\u00a0<span id=\"OBJ_PREFIX_DWT205_com_zimbra_date\">hoje<\/span>\u00a0(8) pelo plen\u00e1rio para ocupar o cargo de presidente da Corte a partir do pr\u00f3ximo m\u00eas. A vota\u00e7\u00e3o foi feita de maneira simb\u00f3lica porque Toffoli \u00e9 o vice-presidente da Corte e j\u00e1 ocuparia o cargo, conforme o regimento interno do STF.<\/p>\n<div class=\"dnd-widget-wrapper context-cheio_8colunas type-image\">\n<div class=\"dnd-atom-rendered\">\n<figure class=\"mejs-fotoh-wrapper\">\n<p><figure style=\"width: 754px\" class=\"wp-caption alignnone\"><img loading=\"lazy\" decoding=\"async\" class=\"img-responsive full full\" title=\"Nelson Jr.\/SCO\/STF\/Ag\u00eancia Brasil\" src=\"http:\/\/imagens.ebc.com.br\/TdGOjLrCdtiJ5KC1aFki1LofdX8=\/754x0\/smart\/http:\/\/agenciabrasil.ebc.com.br\/sites\/default\/files\/thumbnails\/image\/bancoimagemfotoaudiencia_ap_381863.jpg?itok=wnlmqhog\" alt=\"Ministro Dias Toffoli durante sess\u00e3o da Segunda Turma do STF para jugar a\u00e7\u00e3o penal proposta pela Procuradoria-Geral da Rep\u00fablica (PGR) contra a senadora Gleisi Hoffmann e seu marido, o ex-ministro do Planejamento Paulo Bernardo.\" width=\"754\" height=\"462\" \/><figcaption class=\"wp-caption-text\">Dias Toffoli substituir\u00e1 a ministra C\u00e1rmen L\u00facia na presid\u00eancia do STF a partir de setembro\u00a0(Nelson Jr.\/SCO\/STF)<\/figcaption><\/figure><\/figure>\n<\/div>\n<div class=\"dnd-caption-wrapper\">\n<div class=\"meta\">Toffoli entrar\u00e1 no cargo atualmente ocupado pela ministra C\u00e1rmen L\u00facia, que est\u00e1 h\u00e1 dois\u00a0 anos na presid\u00eancia do STF e n\u00e3o pode continuar no posto. O novo vice-presidente ser\u00e1 o ministro Luiz Fux. Eles tomar\u00e3o posse no dia\u00a0<span id=\"OBJ_PREFIX_DWT206_com_zimbra_date\">13 de setembro<\/span>, e o mandato \u00e9 de dois anos.<\/div>\n<\/div>\n<\/div>\n<p>Ap\u00f3s a vota\u00e7\u00e3o, Toffoli agradeceu aos colegas e disse que\u00a0<span id=\"OBJ_PREFIX_DWT207_com_zimbra_date\">ter<\/span>\u00e1 grandes desafios \u00e0 frente do tribunal e do Judici\u00e1rio brasileiro.<\/p>\n<p>&#8220;A responsabilidade neste encargo \u00e9 enorme, os desafios s\u00e3o gigantescos, mas, se por um lado, temos essa dificuldade, at\u00e9 pela gest\u00e3o tranquila e firme que Vossa Excel\u00eancia [ministra C\u00e1rmen L\u00facia] teve nestes dois anos t\u00e3o dif\u00edceis pela na\u00e7\u00e3o brasileira, com tantas demandas chegando a este STF e ao Conselho Nacional de Justi\u00e7a, por outro lado, \u00e9 muito facilitado\u201d, disse Toffoli.<\/p>\n<p>Toffoli tem 50 anos e foi nomeado para o STF em 2009 pelo ent\u00e3o presidente Luiz In\u00e1cio Lula da Silva. Antes de chegar ao Supremo, o ministro foi advogado-geral da Uni\u00e3o e advogado de campanhas eleitorais do PT.<\/p>\n","protected":false},"excerpt":{"rendered":"<p>O ministro do Supremo Tribunal Federal (STF) Dias Toffoli foi eleito\u00a0hoje\u00a0(8) pelo plen\u00e1rio para ocupar&#8230;<\/p>\n","protected":false},"author":1,"featured_media":0,"comment_status":"closed","ping_status":"closed","sticky":false,"template":"","format":"standard","meta":{"footnotes":""},"categories":[19],"tags":[],"class_list":["post-21025","post","type-post","status-publish","format-standard","hentry","category-politica"],"_links":{"self":[{"href":"https:\/\/www.corumbaonline.com.br\/news\/wp-json\/wp\/v2\/posts\/21025","targetHints":{"allow":["GET"]}}],"collection":[{"href":"https:\/\/www.corumbaonline.com.br\/news\/wp-json\/wp\/v2\/posts"}],"about":[{"href":"https:\/\/www.corumbaonline.com.br\/news\/wp-json\/wp\/v2\/types\/post"}],"author":[{"embeddable":true,"href":"https:\/\/www.corumbaonline.com.br\/news\/wp-json\/wp\/v2\/users\/1"}],"replies":[{"embeddable":true,"href":"https:\/\/www.corumbaonline.com.br\/news\/wp-json\/wp\/v2\/comments?post=21025"}],"version-history":[{"count":1,"href":"https:\/\/www.corumbaonline.com.br\/news\/wp-json\/wp\/v2\/posts\/21025\/revisions"}],"predecessor-version":[{"id":21026,"href":"https:\/\/www.corumbaonline.com.br\/news\/wp-json\/wp\/v2\/posts\/21025\/revisions\/21026"}],"wp:attachment":[{"href":"https:\/\/www.corumbaonline.com.br\/news\/wp-json\/wp\/v2\/media?parent=21025"}],"wp:term":[{"taxonomy":"category","embeddable":true,"href":"https:\/\/www.corumbaonline.com.br\/news\/wp-json\/wp\/v2\/categories?post=21025"},{"taxonomy":"post_tag","embeddable":true,"href":"https:\/\/www.corumbaonline.com.br\/news\/wp-json\/wp\/v2\/tags?post=21025"}],"curies":[{"name":"wp","href":"https:\/\/api.w.org\/{rel}","templated":true}]}}