{"id":21033,"date":"2018-08-08T15:55:44","date_gmt":"2018-08-08T19:55:44","guid":{"rendered":"http:\/\/www.corumbaonline.com.br\/news\/?p=21033"},"modified":"2018-08-08T15:54:30","modified_gmt":"2018-08-08T19:54:30","slug":"medalha-e-faixa-presidencial-da-bolivia-sao-roubadas","status":"publish","type":"post","link":"https:\/\/www.corumbaonline.com.br\/news\/medalha-e-faixa-presidencial-da-bolivia-sao-roubadas\/","title":{"rendered":"Medalha e faixa presidencial da Bol\u00edvia s\u00e3o roubadas"},"content":{"rendered":"<p>A medalha e a faixa presidencial da Bol\u00edvia, s\u00edmbolos hist\u00f3ricos que o presidente do pa\u00eds costuma usar em atos relevantes, foram roubadas.<\/p>\n<p>A pol\u00edcia boliviana iniciou uma opera\u00e7\u00e3o para recuper\u00e1-las, ap\u00f3s a deten\u00e7\u00e3o de um militar encarregado da seguran\u00e7a dos dois s\u00edmbolos.<\/p>\n<p>A suspeita \u00e9 que o roubo tenha ocorrido ontem (7) \u00e0 noite,\u00a0em Alto, cidade vizinha a La Paz, quando os objetos eram levados em um ve\u00edculo oficial. As informa\u00e7\u00f5es s\u00e3o da pol\u00edcia boliviana.<\/p>\n<p>Em comunicado, o Minist\u00e9rio de Defesa da Bol\u00edvia informou que foi detido um oficial do Ex\u00e9rcito boliviano encarregado da seguran\u00e7a desses objetos hist\u00f3ricos e foi aberta investiga\u00e7\u00e3o.<\/p>\n<p>As circunst\u00e2ncias do roubo &#8220;ainda s\u00e3o investigadas&#8221;, acrescentou o minist\u00e9rio, que explicou que o Ex\u00e9rcito \u00e9 &#8220;respons\u00e1vel exclusivo&#8221; pelo resguardo desse tipo de patrim\u00f4nio &#8220;durante as festas da p\u00e1tria&#8221;, como o anivers\u00e1rio da independ\u00eancia da Bol\u00edvia, celebrado na segunda-feira (6).<\/p>\n<p>&#8220;A pol\u00edcia boliviana, seus servi\u00e7os de intelig\u00eancia e toda a institucionalidade do Estado foram postos \u00e0 disposi\u00e7\u00e3o da investiga\u00e7\u00e3o para encontrar os culpados do roubo, o mais r\u00e1pido poss\u00edvel &#8220;, diz o comunicado oficial.<\/p>\n<p>O presidente Evo Morales chegou nesta manh\u00e3 ao local das comemora\u00e7\u00f5es do Dia das For\u00e7as Armadas bolivianas na cidade de Cochabamba sem usar os s\u00edmbolos.<\/p>\n<p>A medalha e a faixa s\u00e3o s\u00edmbolos presidenciais desde a \u00e9poca da Rep\u00fablica na Bol\u00edvia.<\/p>\n","protected":false},"excerpt":{"rendered":"<p>A medalha e a faixa presidencial da Bol\u00edvia, s\u00edmbolos hist\u00f3ricos que o presidente do pa\u00eds&#8230;<\/p>\n","protected":false},"author":1,"featured_media":0,"comment_status":"closed","ping_status":"closed","sticky":false,"template":"","format":"standard","meta":{"footnotes":""},"categories":[15],"tags":[],"class_list":["post-21033","post","type-post","status-publish","format-standard","hentry","category-internacional"],"_links":{"self":[{"href":"https:\/\/www.corumbaonline.com.br\/news\/wp-json\/wp\/v2\/posts\/21033","targetHints":{"allow":["GET"]}}],"collection":[{"href":"https:\/\/www.corumbaonline.com.br\/news\/wp-json\/wp\/v2\/posts"}],"about":[{"href":"https:\/\/www.corumbaonline.com.br\/news\/wp-json\/wp\/v2\/types\/post"}],"author":[{"embeddable":true,"href":"https:\/\/www.corumbaonline.com.br\/news\/wp-json\/wp\/v2\/users\/1"}],"replies":[{"embeddable":true,"href":"https:\/\/www.corumbaonline.com.br\/news\/wp-json\/wp\/v2\/comments?post=21033"}],"version-history":[{"count":1,"href":"https:\/\/www.corumbaonline.com.br\/news\/wp-json\/wp\/v2\/posts\/21033\/revisions"}],"predecessor-version":[{"id":21034,"href":"https:\/\/www.corumbaonline.com.br\/news\/wp-json\/wp\/v2\/posts\/21033\/revisions\/21034"}],"wp:attachment":[{"href":"https:\/\/www.corumbaonline.com.br\/news\/wp-json\/wp\/v2\/media?parent=21033"}],"wp:term":[{"taxonomy":"category","embeddable":true,"href":"https:\/\/www.corumbaonline.com.br\/news\/wp-json\/wp\/v2\/categories?post=21033"},{"taxonomy":"post_tag","embeddable":true,"href":"https:\/\/www.corumbaonline.com.br\/news\/wp-json\/wp\/v2\/tags?post=21033"}],"curies":[{"name":"wp","href":"https:\/\/api.w.org\/{rel}","templated":true}]}}