{"id":21035,"date":"2018-08-08T16:16:40","date_gmt":"2018-08-08T20:16:40","guid":{"rendered":"http:\/\/www.corumbaonline.com.br\/news\/?p=21035"},"modified":"2018-08-08T16:32:08","modified_gmt":"2018-08-08T20:32:08","slug":"em-campo-grande-prefeito-discute-acoes-nas-areas-de-infraestrutura-e-patrimonio","status":"publish","type":"post","link":"https:\/\/www.corumbaonline.com.br\/news\/em-campo-grande-prefeito-discute-acoes-nas-areas-de-infraestrutura-e-patrimonio\/","title":{"rendered":"Em Campo Grande, prefeito discute a\u00e7\u00f5es nas \u00e1reas de infraestrutura e patrim\u00f4nio"},"content":{"rendered":"<p>O prefeito Marcelo Iunes reuniu-se nesta quarta-feira, 08 de agosto, com t\u00e9cnicos da Caixa Econ\u00f4mica Federal em Campo Grande. Ao lado do secret\u00e1rio Municipal de Infraestrutura e Servi\u00e7os P\u00fablicos, Ricardo Ametlla, o chefe do Executivo corumbaense tratou da libera\u00e7\u00e3o de recursos do programa Avan\u00e7ar Cidades.<\/p>\n<p>&nbsp;<\/p>\n<p>Lan\u00e7ado pelo Minist\u00e9rio das Cidades, o programa Avan\u00e7ar Cidades libera recursos, por meio de conv\u00eanios com a Caixa Econ\u00f4mica Federal, para obras de saneamento b\u00e1sico. Para munic\u00edpios de Mato Grosso do Sul, o programa prev\u00ea 798.062,90 metros de extens\u00e3o de rede de esgoto e 47.829 novas liga\u00e7\u00f5es de esgoto e or\u00e7amento inicial de R$ 190 milh\u00f5es.<\/p>\n<p>&nbsp;<\/p>\n<p>Iunes tamb\u00e9m discutiu libera\u00e7\u00e3o de recursos via Parceria P\u00fablico-Privada (PPP) para obras em Corumb\u00e1 e tratou de Chamamento P\u00fablico visando contrata\u00e7\u00e3o de empresa que ir\u00e1 executar estudos e projetos de ilumina\u00e7\u00e3o p\u00fablica no valor de R$ 2,4 milh\u00f5es a fundo perdido.Tamb\u00e9m apresentou projeto de pavimenta\u00e7\u00e3o em blocos de concreto e recapeamento de vias urbanas.<\/p>\n<p>&nbsp;<\/p>\n<p>O prefeito ainda manteve reuni\u00f5es na Superintend\u00eancia do Patrim\u00f4nio da Uni\u00e3o de Mato Grosso do Sul (SPU\/MS), onde discutiu a regulariza\u00e7\u00e3o de diversas \u00e1reas p\u00fablicas que s\u00e3o dom\u00ednio da Uni\u00e3o e de interesse Municipal, como a Casa Rondon, Escola Porto da Manga, Orla Portu\u00e1ria, regi\u00e3o do Centro de Conven\u00e7\u00f5es; Orla Ferrovi\u00e1ria e Casas da antiga Noroeste do Brasil.<\/p>\n","protected":false},"excerpt":{"rendered":"<p>O prefeito Marcelo Iunes reuniu-se nesta quarta-feira, 08 de agosto, com t\u00e9cnicos da Caixa Econ\u00f4mica&#8230;<\/p>\n","protected":false},"author":1,"featured_media":21036,"comment_status":"closed","ping_status":"closed","sticky":false,"template":"","format":"standard","meta":{"footnotes":""},"categories":[19],"tags":[],"class_list":["post-21035","post","type-post","status-publish","format-standard","has-post-thumbnail","hentry","category-politica"],"_links":{"self":[{"href":"https:\/\/www.corumbaonline.com.br\/news\/wp-json\/wp\/v2\/posts\/21035","targetHints":{"allow":["GET"]}}],"collection":[{"href":"https:\/\/www.corumbaonline.com.br\/news\/wp-json\/wp\/v2\/posts"}],"about":[{"href":"https:\/\/www.corumbaonline.com.br\/news\/wp-json\/wp\/v2\/types\/post"}],"author":[{"embeddable":true,"href":"https:\/\/www.corumbaonline.com.br\/news\/wp-json\/wp\/v2\/users\/1"}],"replies":[{"embeddable":true,"href":"https:\/\/www.corumbaonline.com.br\/news\/wp-json\/wp\/v2\/comments?post=21035"}],"version-history":[{"count":1,"href":"https:\/\/www.corumbaonline.com.br\/news\/wp-json\/wp\/v2\/posts\/21035\/revisions"}],"predecessor-version":[{"id":21037,"href":"https:\/\/www.corumbaonline.com.br\/news\/wp-json\/wp\/v2\/posts\/21035\/revisions\/21037"}],"wp:featuredmedia":[{"embeddable":true,"href":"https:\/\/www.corumbaonline.com.br\/news\/wp-json\/wp\/v2\/media\/21036"}],"wp:attachment":[{"href":"https:\/\/www.corumbaonline.com.br\/news\/wp-json\/wp\/v2\/media?parent=21035"}],"wp:term":[{"taxonomy":"category","embeddable":true,"href":"https:\/\/www.corumbaonline.com.br\/news\/wp-json\/wp\/v2\/categories?post=21035"},{"taxonomy":"post_tag","embeddable":true,"href":"https:\/\/www.corumbaonline.com.br\/news\/wp-json\/wp\/v2\/tags?post=21035"}],"curies":[{"name":"wp","href":"https:\/\/api.w.org\/{rel}","templated":true}]}}