{"id":21042,"date":"2018-08-09T13:12:13","date_gmt":"2018-08-09T17:12:13","guid":{"rendered":"http:\/\/www.corumbaonline.com.br\/news\/?p=21042"},"modified":"2018-08-09T13:12:13","modified_gmt":"2018-08-09T17:12:13","slug":"stj-volta-a-negar-recurso-da-defesa-pela-liberdade-de-lula","status":"publish","type":"post","link":"https:\/\/www.corumbaonline.com.br\/news\/stj-volta-a-negar-recurso-da-defesa-pela-liberdade-de-lula\/","title":{"rendered":"STJ volta a negar recurso da defesa pela liberdade de Lula"},"content":{"rendered":"<p>A\u00a0<span id=\"OBJ_PREFIX_DWT4271_com_zimbra_date\"><span id=\"OBJ_PREFIX_DWT4277_com_zimbra_date\">Quinta<\/span><\/span>\u00a0Turma do Superior Tribunal de Justi\u00e7a (STJ) negou por unanimidade um recurso do ex-presidente Luiz In\u00e1cio Lula da Silva para que tivesse garantido o\u00a0direito de\u00a0recorrer em liberdade contra sua condena\u00e7\u00e3o no caso do triplex em\u00a0Guaruj\u00e1 (SP).<\/p>\n<p>O pedido j\u00e1 havia sido negado pelo relator, ministro Felix Fischer, em\u00a0<span id=\"OBJ_PREFIX_DWT4272_com_zimbra_date\"><span id=\"OBJ_PREFIX_DWT4278_com_zimbra_date\">11 de junho<\/span><\/span>. Em sess\u00e3o realizada no in\u00edcio do m\u00eas, os ministros Jorge Mussi, Reynaldo Soares da Fonseca, Ribeiro Dantas e Joel Ilan Paciornik o acompanharam. O ac\u00f3rd\u00e3o (decis\u00e3o colegiada) do julgamento est\u00e1 previsto para ser publicado amanh\u00e3 (10).<\/p>\n<p>Na solicita\u00e7\u00e3o ao STJ, a defesa de Lula destacou 17 pontos que teriam sido violados no processo que resultou na pris\u00e3o do ex-presidente ou que atestam a ilegalidade da medida. Os advogados argumentaram ainda que os direitos de Lula est\u00e3o sendo\u00a0seriamente cerceados por ele estar impedido de participar do processo eleitoral.<\/p>\n<p>Os ministros do STJ entenderam n\u00e3o haver urg\u00eancia em conferir ao recurso de Lula no tribunal o chamado efeito suspensivo, quando a execu\u00e7\u00e3o de pena do condenado fica suspensa enquanto a apela\u00e7\u00e3o \u00e0 inst\u00e2ncia superior n\u00e3o \u00e9 julgada.<\/p>\n<p>Lula est\u00e1 preso desde\u00a0<span id=\"OBJ_PREFIX_DWT4273_com_zimbra_date\"><span id=\"OBJ_PREFIX_DWT4279_com_zimbra_date\">7 de abril<\/span><\/span>\u00a0na Superintend\u00eancia da Pol\u00edcia Federal (PF) em Curitiba, onde cumpre a pena de 12 anos e um m\u00eas pelos crimes de corrup\u00e7\u00e3o passiva e lavagem de dinheiro, imposta pelo Tribunal Regional Federal da 4\u00aa Regi\u00e3o (TRF4),\u00a0<span id=\"OBJ_PREFIX_DWT4274_com_zimbra_date\"><span id=\"OBJ_PREFIX_DWT4280_com_zimbra_date\">segunda<\/span><\/span>\u00a0inst\u00e2ncia da Justi\u00e7a Federal.<\/p>\n<p>O recurso especial de Lula ao STJ j\u00e1 teve sua admissibilidade apreciada pelo TRF4 e ainda deve ser analisado na Corte Superior.<\/p>\n","protected":false},"excerpt":{"rendered":"<p>A\u00a0Quinta\u00a0Turma do Superior Tribunal de Justi\u00e7a (STJ) negou por unanimidade um recurso do ex-presidente Luiz&#8230;<\/p>\n","protected":false},"author":1,"featured_media":0,"comment_status":"closed","ping_status":"closed","sticky":false,"template":"","format":"standard","meta":{"footnotes":""},"categories":[101,19],"tags":[],"class_list":["post-21042","post","type-post","status-publish","format-standard","hentry","category-eleicoes","category-politica"],"_links":{"self":[{"href":"https:\/\/www.corumbaonline.com.br\/news\/wp-json\/wp\/v2\/posts\/21042","targetHints":{"allow":["GET"]}}],"collection":[{"href":"https:\/\/www.corumbaonline.com.br\/news\/wp-json\/wp\/v2\/posts"}],"about":[{"href":"https:\/\/www.corumbaonline.com.br\/news\/wp-json\/wp\/v2\/types\/post"}],"author":[{"embeddable":true,"href":"https:\/\/www.corumbaonline.com.br\/news\/wp-json\/wp\/v2\/users\/1"}],"replies":[{"embeddable":true,"href":"https:\/\/www.corumbaonline.com.br\/news\/wp-json\/wp\/v2\/comments?post=21042"}],"version-history":[{"count":1,"href":"https:\/\/www.corumbaonline.com.br\/news\/wp-json\/wp\/v2\/posts\/21042\/revisions"}],"predecessor-version":[{"id":21043,"href":"https:\/\/www.corumbaonline.com.br\/news\/wp-json\/wp\/v2\/posts\/21042\/revisions\/21043"}],"wp:attachment":[{"href":"https:\/\/www.corumbaonline.com.br\/news\/wp-json\/wp\/v2\/media?parent=21042"}],"wp:term":[{"taxonomy":"category","embeddable":true,"href":"https:\/\/www.corumbaonline.com.br\/news\/wp-json\/wp\/v2\/categories?post=21042"},{"taxonomy":"post_tag","embeddable":true,"href":"https:\/\/www.corumbaonline.com.br\/news\/wp-json\/wp\/v2\/tags?post=21042"}],"curies":[{"name":"wp","href":"https:\/\/api.w.org\/{rel}","templated":true}]}}