{"id":21074,"date":"2018-08-09T15:23:59","date_gmt":"2018-08-09T19:23:59","guid":{"rendered":"http:\/\/www.corumbaonline.com.br\/news\/?p=21074"},"modified":"2018-08-09T15:23:59","modified_gmt":"2018-08-09T19:23:59","slug":"pma-prende-homem-por-tentativa-de-homicidio-em-fazenda-no-pantanal-e-prende-a-testemunha-do-crime-que-era-foragida-por-homicidio","status":"publish","type":"post","link":"https:\/\/www.corumbaonline.com.br\/news\/pma-prende-homem-por-tentativa-de-homicidio-em-fazenda-no-pantanal-e-prende-a-testemunha-do-crime-que-era-foragida-por-homicidio\/","title":{"rendered":"PMA prende homem por tentativa de homic\u00eddio em fazenda no Pantanal e prende a testemunha do crime que era foragida por homic\u00eddio"},"content":{"rendered":"<p class=\"x_MsoNormal\">Uma equipe da Pol\u00edcia Militar Ambiental de Corumb\u00e1 realizava fiscaliza\u00e7\u00e3o hoje (9) de madrugada, quando foi acionada por moradores de uma fazenda, em virtude de uma tentativa de homic\u00eddio que acabara de acontecer na propriedade rural, localizada na regi\u00e3o do Forte Coimbra.<\/p>\n<p class=\"x_MsoNormal\">A PMA foi ao local da ocorr\u00eancia e constatou, que depois de desentendimento e briga entre dois funcion\u00e1rios da fazenda, um foi esfaqueado. O autor, de (27 anos, residente em Lad\u00e1rio, apresentava vis\u00edveis sinais de embriaguez, j\u00e1 tinha sido imobilizado pelas testemunhas e estava com as m\u00e3os amarradas. Ele foi algemado pelos policiais. Havia marcas de sangue da v\u00edtima nas roupas do acusado. Foram apreendidas duas facas, sendo uma usada pelo autor no crime.<\/p>\n<p class=\"x_MsoNormal\">A v\u00edtima, de 20 anos, residente em Bodoquena, j\u00e1 havia sido encaminhada para atendimento m\u00e9dico no UPA Guat\u00f3s em Corumb\u00e1. Na UPA, a PMA verificou que a v\u00edtima tinha corte nos pulsos e perdera muito sangue.<\/p>\n<p class=\"x_MsoNormal\">A equipe consultou a ficha criminal de uma testemunha, de 43 anos, residente Campo Grande, que acompanhava \u00e0 v\u00edtima e constatou haver um mandado de pris\u00e3o em seu desfavor, por homic\u00eddio, no ano de 1999 em Campo Grande. Ele foi preso e conduzido, juntamente com o autor do crime da ocorr\u00eancia de tentativa de homic\u00eddio \u00e0 Delegacia de Pol\u00edcia Civil de Corumb\u00e1.<\/p>\n","protected":false},"excerpt":{"rendered":"<p>Uma equipe da Pol\u00edcia Militar Ambiental de Corumb\u00e1 realizava fiscaliza\u00e7\u00e3o hoje (9) de madrugada, quando&#8230;<\/p>\n","protected":false},"author":1,"featured_media":0,"comment_status":"closed","ping_status":"closed","sticky":false,"template":"","format":"standard","meta":{"footnotes":""},"categories":[19],"tags":[],"class_list":["post-21074","post","type-post","status-publish","format-standard","hentry","category-politica"],"_links":{"self":[{"href":"https:\/\/www.corumbaonline.com.br\/news\/wp-json\/wp\/v2\/posts\/21074","targetHints":{"allow":["GET"]}}],"collection":[{"href":"https:\/\/www.corumbaonline.com.br\/news\/wp-json\/wp\/v2\/posts"}],"about":[{"href":"https:\/\/www.corumbaonline.com.br\/news\/wp-json\/wp\/v2\/types\/post"}],"author":[{"embeddable":true,"href":"https:\/\/www.corumbaonline.com.br\/news\/wp-json\/wp\/v2\/users\/1"}],"replies":[{"embeddable":true,"href":"https:\/\/www.corumbaonline.com.br\/news\/wp-json\/wp\/v2\/comments?post=21074"}],"version-history":[{"count":1,"href":"https:\/\/www.corumbaonline.com.br\/news\/wp-json\/wp\/v2\/posts\/21074\/revisions"}],"predecessor-version":[{"id":21075,"href":"https:\/\/www.corumbaonline.com.br\/news\/wp-json\/wp\/v2\/posts\/21074\/revisions\/21075"}],"wp:attachment":[{"href":"https:\/\/www.corumbaonline.com.br\/news\/wp-json\/wp\/v2\/media?parent=21074"}],"wp:term":[{"taxonomy":"category","embeddable":true,"href":"https:\/\/www.corumbaonline.com.br\/news\/wp-json\/wp\/v2\/categories?post=21074"},{"taxonomy":"post_tag","embeddable":true,"href":"https:\/\/www.corumbaonline.com.br\/news\/wp-json\/wp\/v2\/tags?post=21074"}],"curies":[{"name":"wp","href":"https:\/\/api.w.org\/{rel}","templated":true}]}}