{"id":21092,"date":"2018-08-10T08:20:22","date_gmt":"2018-08-10T12:20:22","guid":{"rendered":"http:\/\/www.corumbaonline.com.br\/news\/?p=21092"},"modified":"2018-08-10T08:20:22","modified_gmt":"2018-08-10T12:20:22","slug":"os-5-destaques-do-1o-debate-presidencial-das-eleicoes-2018","status":"publish","type":"post","link":"https:\/\/www.corumbaonline.com.br\/news\/os-5-destaques-do-1o-debate-presidencial-das-eleicoes-2018\/","title":{"rendered":"Os 5 destaques do 1\u00ba debate presidencial das elei\u00e7\u00f5es 2018"},"content":{"rendered":"<p>O primeiro debate entre os candidatos a presidente da Rep\u00fablica nas elei\u00e7\u00f5es 2018 ocorreu nesta quinta-feira, 9. O encontro, promovido pela\u00a0Band, reuniu oito presidenci\u00e0veis:\u00a0Alvaro Dias (Podemos), Cabo Daciolo (Patriotas), Ciro Gomes (PDT), Henrique Meirelles (MDB), Jair Bolsonaro (PSL), Geraldo Alckmin (PSDB), Guilherme Boulos (PSOL), Marina Silva (Rede).<\/p>\n<p>A expectativa de que Bolsonaro seria um dos principais alvos n\u00e3o se confirmou. O tucano Alckmin, dono da maior coliga\u00e7\u00e3o na corrida ao Planalto, foi quem mais sofreu ataques.<\/p>\n<h3>Confira abaixo os principais personagens e momentos do primeiro debate presidencial das elei\u00e7\u00f5es 2018:<\/h3>\n<h2>Bolsonaro X Boulos<\/h2>\n<p class=\"text\">O deputado Jair Bolsonaro, famoso por ser en\u00e9rgico em suas discuss\u00f5es, preferiu evitar um confronto contra Guilherme Boulos no in\u00edcio do debate presidencial da\u00a0<em>Band<\/em>. Classificado como\u00a0<strong>racista, machista e homof\u00f3bico<\/strong>\u00a0pelo candidato do PSOL, que ainda o acusou de manter uma funcion\u00e1ria fantasma em seu gabinete no Congresso, o capit\u00e3o reformado do Ex\u00e9rcito abriu m\u00e3o de seu tempo na tr\u00e9plica e n\u00e3o prolongou a discuss\u00e3o. &#8220;N\u00e3o vim aqui para bater boca com cidad\u00e3o desqualificado&#8221;, disse Bolsonaro.<\/p>\n<h2>Cabo Daciolo<\/h2>\n<p class=\"text\">O deputado federal Cabo Daciolo foi um dos principais destaques no primeiro debate presidencial. Logo em sua primeira fala, o parlamentar disparou contra os demais participantes, afirmando que eles representavam a &#8220;velha pol\u00edtica&#8221;.<\/p>\n<p class=\"text\">Com um discurso eloquente, que misturou uma narrativa nacionalista, religiosa e de den\u00fancias contra supostas conspira\u00e7\u00f5es comunistas, o candidato defendeu a auditoria da d\u00edvida p\u00fablica, a redu\u00e7\u00e3o dos impostos, a greve dos caminhoneiros, os militares e o combate \u00e0 corrup\u00e7\u00e3o &#8220;pela honra e gl\u00f3ria do senhor Jesus&#8221;.<\/p>\n<p class=\"text\">&#8220;Eu sou o Cabo Daciolo, servo do deus vivo, sou crist\u00e3o, bombeiro militar e dizer ao meu companheiro Bolsonaro: voc\u00ea n\u00e3o \u00e9 o \u00fanico n\u00e3o, irm\u00e3o. Eu estou aqui. Na\u00e7\u00e3o brasileira, n\u00f3s estamos aqui e vamos transformar a na\u00e7\u00e3o brasileira para honra e gl\u00f3ria do senhor Jesus&#8221;, disse o candidato no terceiro bloco.<\/p>\n<p class=\"text\">Eleito deputado pelo PSOL, Daciolo foi expulso do partido em 2015 depois de prop\u00f4r projetos com vi\u00e9s religioso. O parlamentar ficou conhecido em 2011, quando participou da greve dos bombeiros do Rio de Janeiro e chegou a ser preso por conta da mobiliza\u00e7\u00e3o. Sua candidatura \u00e0 Presid\u00eancia pela Patriota foi oficializada na pequena cidade de Barrinha (SP), localizada na regi\u00e3o metropolitana de Ribeir\u00e3o Preto.<\/p>\n<p class=\"text\">Ao final do debate, de acordo com n\u00fameros do Google Trends, Daciolo foi o segundo candidato que mais gerou interesse de busca dos internautas entre todos os participantes do debate, atr\u00e1s apenas de Jair Bolsonaro.<\/p>\n<h2>Centr\u00e3o<\/h2>\n<p class=\"text\">A coliga\u00e7\u00e3o que garantiu o maior tempo de TV durante o hor\u00e1rio eleitoral para Geraldo Alckmin foi o ponto mais explorado por seus advers\u00e1rios durante o debate presidencial da Band.<\/p>\n<p class=\"text\">As cr\u00edticas partiram principalmente de Marina Silva. Em um di\u00e1logo sobre educa\u00e7\u00e3o, a candidata da Rede afirmou que \u00e9 preciso tomar cuidado quando o &#8220;condom\u00ednio j\u00e1 est\u00e1 cheio de lobo mau querendo comer o dinheiro da vovozinha&#8221;. Em outra oportunidade, ela afirmou que &#8220;quando se ganha [a elei\u00e7\u00e3o] com quem n\u00e3o tem compromisso com a \u00e9tica, isso contamina o governo e todas as promessas caem no vazio&#8221;.<\/p>\n<p class=\"text\">Via de regra, Alckmin justificou a import\u00e2ncia de sua coliga\u00e7\u00e3o pela garantia de governabilidade em caso de vit\u00f3ria nas elei\u00e7\u00f5es. Em uma das provoca\u00e7\u00f5es de Marina, o ex-governador lembrou que a candidata j\u00e1 foi do PV, criou a Rede e, atualmente, fez promoveu uma coliga\u00e7\u00e3o entre o novo e o velho partido. Em outro momento, Alckmin subiu o tom contra de Marina e recordou do seu passado no PT. &#8220;Quero lembrar que eu nunca fui do PT e nem ministro do PT. Deixar bem claro que somos de uma outra linhagem&#8221;, disparou o tucano.<\/p>\n<h2>50 tons de Temer<\/h2>\n<p class=\"text\">Guilherme Boulos provocou risos de praticamente toda a plateia que acompanhava pessoalmente o debate presidencial na\u00a0<em>Band<\/em>\u00a0quando, ao formular uma pergunta para o candidato Henrique Meirelles, afirmou que o debate tinha &#8220;50 tons de Temer&#8221;.<\/p>\n<p class=\"text\">&#8220;Voc\u00ea n\u00e3o \u00e9 apenas o candidato do Temer. Aqui nesse debate tem 50 tons de Temer. Ali\u00e1s, quem diz que quer coisa nova, tem que pensar no que fez no ver\u00e3o passado&#8221;, disse Boulos.<\/p>\n<p class=\"text\">A frase provocou sorrisos inclusive de Meirelles.<\/p>\n<h2>Lula de fora<\/h2>\n<p class=\"text\">A Justi\u00e7a n\u00e3o autorizou a presen\u00e7a de Luiz In\u00e1cio Lula da Silva, oficializado candidato a presidente pelo PT mesmo condenado e preso pela Lava Jato, no debate presidencial da Band. E o ex-presidente ficou de fora at\u00e9 mesmo dos di\u00e1logos entre os candidatos.<\/p>\n<p class=\"text\">Com exce\u00e7\u00e3o de uma cita\u00e7\u00e3o feita por Guilherme Boulos no in\u00edcio do encontro, Lula n\u00e3o foi um tema discutido pelos presidenci\u00e1veis presentes no est\u00fadio.<\/p>\n","protected":false},"excerpt":{"rendered":"<p>O primeiro debate entre os candidatos a presidente da Rep\u00fablica nas elei\u00e7\u00f5es 2018 ocorreu nesta&#8230;<\/p>\n","protected":false},"author":1,"featured_media":21094,"comment_status":"closed","ping_status":"closed","sticky":false,"template":"","format":"standard","meta":{"footnotes":""},"categories":[101,19],"tags":[],"class_list":["post-21092","post","type-post","status-publish","format-standard","has-post-thumbnail","hentry","category-eleicoes","category-politica"],"_links":{"self":[{"href":"https:\/\/www.corumbaonline.com.br\/news\/wp-json\/wp\/v2\/posts\/21092","targetHints":{"allow":["GET"]}}],"collection":[{"href":"https:\/\/www.corumbaonline.com.br\/news\/wp-json\/wp\/v2\/posts"}],"about":[{"href":"https:\/\/www.corumbaonline.com.br\/news\/wp-json\/wp\/v2\/types\/post"}],"author":[{"embeddable":true,"href":"https:\/\/www.corumbaonline.com.br\/news\/wp-json\/wp\/v2\/users\/1"}],"replies":[{"embeddable":true,"href":"https:\/\/www.corumbaonline.com.br\/news\/wp-json\/wp\/v2\/comments?post=21092"}],"version-history":[{"count":1,"href":"https:\/\/www.corumbaonline.com.br\/news\/wp-json\/wp\/v2\/posts\/21092\/revisions"}],"predecessor-version":[{"id":21095,"href":"https:\/\/www.corumbaonline.com.br\/news\/wp-json\/wp\/v2\/posts\/21092\/revisions\/21095"}],"wp:featuredmedia":[{"embeddable":true,"href":"https:\/\/www.corumbaonline.com.br\/news\/wp-json\/wp\/v2\/media\/21094"}],"wp:attachment":[{"href":"https:\/\/www.corumbaonline.com.br\/news\/wp-json\/wp\/v2\/media?parent=21092"}],"wp:term":[{"taxonomy":"category","embeddable":true,"href":"https:\/\/www.corumbaonline.com.br\/news\/wp-json\/wp\/v2\/categories?post=21092"},{"taxonomy":"post_tag","embeddable":true,"href":"https:\/\/www.corumbaonline.com.br\/news\/wp-json\/wp\/v2\/tags?post=21092"}],"curies":[{"name":"wp","href":"https:\/\/api.w.org\/{rel}","templated":true}]}}