{"id":21113,"date":"2018-08-10T10:30:16","date_gmt":"2018-08-10T14:30:16","guid":{"rendered":"http:\/\/www.corumbaonline.com.br\/news\/?p=21113"},"modified":"2018-08-10T11:17:46","modified_gmt":"2018-08-10T15:17:46","slug":"escola-luiz-de-albuquerque-recebe-acao-civico-social-do-exercito-neste-sabado","status":"publish","type":"post","link":"https:\/\/www.corumbaonline.com.br\/news\/escola-luiz-de-albuquerque-recebe-acao-civico-social-do-exercito-neste-sabado\/","title":{"rendered":"Escola Luiz de Albuquerque recebe A\u00e7\u00e3o C\u00edvico-Social do Ex\u00e9rcito neste s\u00e1bado"},"content":{"rendered":"<p>A Escola Municipal Rural Polo Luiz de Albuquerque sedia neste s\u00e1bado, 11 de agosto, das 08h ao meio-dia, a Opera\u00e7\u00e3o ACISO \u2013 A\u00e7\u00e3o C\u00edvico-Social numa parceria da Prefeitura Municipal de Corumb\u00e1, por meio da Secretaria Municipal de Educa\u00e7\u00e3o, e o Ex\u00e9rcito Brasileiro. A ACISO ultrapassa o conceito de atividade assistencial tornando-se numa relevante oficina de civismo e promo\u00e7\u00e3o de comunit\u00e1ria integrada.<\/p>\n<p>&nbsp;<\/p>\n<p>Durante a A\u00e7\u00e3o C\u00edvico-Social, a comunidade contar\u00e1 com atendimentos m\u00e9dico e odontol\u00f3gico, vacina\u00e7\u00e3o, corte de cabelo, atividades recreativas, emiss\u00e3o de documentos (RG e CPF) e apresenta\u00e7\u00f5es culturais. Tamb\u00e9m ser\u00e3o entregues as melhorias realizadas durante toda a semana, como pintura e pequenos reparos, feitos naquela escola.<\/p>\n<p>&nbsp;<\/p>\n<p>Para o secret\u00e1rio Municipal de Educa\u00e7\u00e3o, Genilson Canavarro de Abreu, a a\u00e7\u00e3o com a 18\u00aa Brigada de Infantaria de Fronteira, para atendimento \u00e0s escolas urbanas e rurais, \u00e9 \u201cmuito importante, pois a pr\u00e1tica efetiva dessa rela\u00e7\u00e3o implicar\u00e1 na sustenta\u00e7\u00e3o dos princ\u00edpios fundamentais, comprometimento e participa\u00e7\u00e3o cidad\u00e3\u201d.<\/p>\n<p>&nbsp;<\/p>\n<p>A ACISO reafirma o compromisso da 18\u00ba Brigada de Infantaria de Fronteira, sob o comando do general de brigada, Ricardo Piai Carmona, com a sociedade corumbaense contribuindo para o fortalecimento do Ex\u00e9rcito Brasileiro.<\/p>\n","protected":false},"excerpt":{"rendered":"<p>A Escola Municipal Rural Polo Luiz de Albuquerque sedia neste s\u00e1bado, 11 de agosto, das&#8230;<\/p>\n","protected":false},"author":1,"featured_media":0,"comment_status":"closed","ping_status":"closed","sticky":false,"template":"","format":"standard","meta":{"footnotes":""},"categories":[14],"tags":[],"class_list":["post-21113","post","type-post","status-publish","format-standard","hentry","category-geral"],"_links":{"self":[{"href":"https:\/\/www.corumbaonline.com.br\/news\/wp-json\/wp\/v2\/posts\/21113","targetHints":{"allow":["GET"]}}],"collection":[{"href":"https:\/\/www.corumbaonline.com.br\/news\/wp-json\/wp\/v2\/posts"}],"about":[{"href":"https:\/\/www.corumbaonline.com.br\/news\/wp-json\/wp\/v2\/types\/post"}],"author":[{"embeddable":true,"href":"https:\/\/www.corumbaonline.com.br\/news\/wp-json\/wp\/v2\/users\/1"}],"replies":[{"embeddable":true,"href":"https:\/\/www.corumbaonline.com.br\/news\/wp-json\/wp\/v2\/comments?post=21113"}],"version-history":[{"count":1,"href":"https:\/\/www.corumbaonline.com.br\/news\/wp-json\/wp\/v2\/posts\/21113\/revisions"}],"predecessor-version":[{"id":21114,"href":"https:\/\/www.corumbaonline.com.br\/news\/wp-json\/wp\/v2\/posts\/21113\/revisions\/21114"}],"wp:attachment":[{"href":"https:\/\/www.corumbaonline.com.br\/news\/wp-json\/wp\/v2\/media?parent=21113"}],"wp:term":[{"taxonomy":"category","embeddable":true,"href":"https:\/\/www.corumbaonline.com.br\/news\/wp-json\/wp\/v2\/categories?post=21113"},{"taxonomy":"post_tag","embeddable":true,"href":"https:\/\/www.corumbaonline.com.br\/news\/wp-json\/wp\/v2\/tags?post=21113"}],"curies":[{"name":"wp","href":"https:\/\/api.w.org\/{rel}","templated":true}]}}