{"id":21117,"date":"2018-08-10T10:52:40","date_gmt":"2018-08-10T14:52:40","guid":{"rendered":"http:\/\/www.corumbaonline.com.br\/news\/?p=21117"},"modified":"2018-08-10T11:29:22","modified_gmt":"2018-08-10T15:29:22","slug":"mpf-aprova-reajuste-de-1638-em-salario-de-procuradores-da-republica","status":"publish","type":"post","link":"https:\/\/www.corumbaonline.com.br\/news\/mpf-aprova-reajuste-de-1638-em-salario-de-procuradores-da-republica\/","title":{"rendered":"MPF aprova reajuste de 16,38% em sal\u00e1rio de procuradores da Rep\u00fablica"},"content":{"rendered":"<p>O Conselho Superior do Minist\u00e9rio P\u00fablico Federal (CSMPF) aprovou hoje (10), por unanimidade, o or\u00e7amento do MPF para o ano de 2019, incluindo reajuste de 16,38% para todos os procuradores da Rep\u00fablica, a exemplo do que fizeram os ministros do Supremo Tribunal Federal (STF) nesta semana em rela\u00e7\u00e3o a seus pr\u00f3prios vencimentos.<\/p>\n<p>O valor total do or\u00e7amento do MPF para 2019 \u00e9 de R$ 4,067 bilh\u00f5es, quantia que engloba os R$ 101 milh\u00f5es a mais que devem passar a ser gastos com os sal\u00e1rios dos procuradores da Rep\u00fablica. Caso o reajuste seja confirmado pelo Congresso, o sal\u00e1rio de um procurador da Rep\u00fablica deve superar os R$ 33 mil.<\/p>\n<p>Ao justificar a aprova\u00e7\u00e3o, os membros do CSMPF disseram que a Constitui\u00e7\u00e3o prev\u00ea a paridade entre ju\u00edzes e membros do MP, que assim t\u00eam direito a reajuste com o mesmo percentual dos magistrados. &#8220;\u00c9 um verdadeiro imperativo&#8221;, afirmou o subprocurador-geral da Rep\u00fablica Mario Bonsaglia.<\/p>\n<p>Para absorver o reajuste, o \u00f3rg\u00e3o foi obrigado a remanejar 2,8% de seus gastos gerais para os gastos de pessoal. Com isso, 80,2% de todo o or\u00e7amento do MPF passa a ser destinado ao pagamento de sal\u00e1rios. \u201cN\u00e3o \u00e9 uma coisa que acontece agora, temos j\u00e1 um comprometimento com despesa de pessoal que \u00e9 historicamente superior a 80%\u201d, destacou o secret\u00e1rio-geral do MPU, Alexandre Camanho. \u201cN\u00e3o \u00e9 uma apari\u00e7\u00e3o abrupta\u201d, justificou.<\/p>\n<p>Segundo a procuradora-geral da Rep\u00fablica, Raquel Dodge, o MPF tem feito um esfor\u00e7o para reduzir gastos, como a utiliza\u00e7\u00e3o de ferramentas eletr\u00f4nicas e audi\u00eancias por videoconfer\u00eancias, que permitem a realoca\u00e7\u00e3o de recursos. \u201cO impacto no or\u00e7amento da Uni\u00e3o ser\u00e1 zero\u201d, afirmou ela.<\/p>\n<p>O presidente da Associa\u00e7\u00e3o Nacional dos Procuradores da Rep\u00fablica, Jos\u00e9 Robalinho, elogiou a aprova\u00e7\u00e3o do reajuste dos subs\u00eddios. Ele pontuou que os remanejamentos feitos no or\u00e7amento permitem que o aumento de sal\u00e1rio n\u00e3o onere o contribuinte. \u201cN\u00e3o se est\u00e1 buscando nenhum centavo do Executivo\u201d, disse.<\/p>\n<p>MPU<\/p>\n<p>\u00c0 tarde, deve ser aprovada a proposta or\u00e7ament\u00e1ria para todo o Minist\u00e9rio P\u00fablico da Uni\u00e3o (MPU), que al\u00e9m do MPF engloba ainda o Minist\u00e9rio P\u00fablico do Trabalho (MPT), o Minist\u00e9rio P\u00fablico Militar (MPM) e o Minist\u00e9rio P\u00fablico do Distrito Federal e Territ\u00f3rios (MPDFT).<\/p>\n<p>No caso do MPU, o valor total da previs\u00e3o or\u00e7ament\u00e1ria \u00e9 de R$ 6,244 bilh\u00f5es, quantia que \u00e9 4,39% maior do que a do ano passado. O aumento equivale \u00e0 infla\u00e7\u00e3o projetada para este ano, limite imposto pela Emenda Constitucional do Teto de Gastos (EM 95\/2016). A proposta ser\u00e1 votada no Conselho de Assessoramento Superior do MPU.<\/p>\n<p>Levando-se em considera\u00e7\u00e3o todo o MPU, o impacto previsto do aumento de 16,38% nos subs\u00eddios de procuradores e promotores \u00e9 de R$ 223,7 milh\u00f5es.<\/p>\n<p>Ainda no fim do dia, deve ser apresentada a proposta or\u00e7ament\u00e1ria dos minist\u00e9rios p\u00fablicos estaduais, a ser votada no Conselho Superior do Minist\u00e9rio P\u00fablico. Todos os or\u00e7amentos ser\u00e3o encaminhados ao Minist\u00e9rio do Planejamento, que os incorpora \u00e0 proposta que ser\u00e1 encaminhada para vota\u00e7\u00e3o no Congresso.<\/p>\n","protected":false},"excerpt":{"rendered":"<p>O Conselho Superior do Minist\u00e9rio P\u00fablico Federal (CSMPF) aprovou hoje (10), por unanimidade, o or\u00e7amento&#8230;<\/p>\n","protected":false},"author":1,"featured_media":0,"comment_status":"closed","ping_status":"closed","sticky":false,"template":"","format":"standard","meta":{"footnotes":""},"categories":[14],"tags":[],"class_list":["post-21117","post","type-post","status-publish","format-standard","hentry","category-geral"],"_links":{"self":[{"href":"https:\/\/www.corumbaonline.com.br\/news\/wp-json\/wp\/v2\/posts\/21117","targetHints":{"allow":["GET"]}}],"collection":[{"href":"https:\/\/www.corumbaonline.com.br\/news\/wp-json\/wp\/v2\/posts"}],"about":[{"href":"https:\/\/www.corumbaonline.com.br\/news\/wp-json\/wp\/v2\/types\/post"}],"author":[{"embeddable":true,"href":"https:\/\/www.corumbaonline.com.br\/news\/wp-json\/wp\/v2\/users\/1"}],"replies":[{"embeddable":true,"href":"https:\/\/www.corumbaonline.com.br\/news\/wp-json\/wp\/v2\/comments?post=21117"}],"version-history":[{"count":1,"href":"https:\/\/www.corumbaonline.com.br\/news\/wp-json\/wp\/v2\/posts\/21117\/revisions"}],"predecessor-version":[{"id":21118,"href":"https:\/\/www.corumbaonline.com.br\/news\/wp-json\/wp\/v2\/posts\/21117\/revisions\/21118"}],"wp:attachment":[{"href":"https:\/\/www.corumbaonline.com.br\/news\/wp-json\/wp\/v2\/media?parent=21117"}],"wp:term":[{"taxonomy":"category","embeddable":true,"href":"https:\/\/www.corumbaonline.com.br\/news\/wp-json\/wp\/v2\/categories?post=21117"},{"taxonomy":"post_tag","embeddable":true,"href":"https:\/\/www.corumbaonline.com.br\/news\/wp-json\/wp\/v2\/tags?post=21117"}],"curies":[{"name":"wp","href":"https:\/\/api.w.org\/{rel}","templated":true}]}}