{"id":21126,"date":"2018-08-10T11:48:15","date_gmt":"2018-08-10T15:48:15","guid":{"rendered":"http:\/\/www.corumbaonline.com.br\/news\/?p=21126"},"modified":"2018-08-10T12:08:29","modified_gmt":"2018-08-10T16:08:29","slug":"com-acoes-em-varias-linguagens-da-cultura-corumba-tera-semana-sesc-de-patrimonio-cultural","status":"publish","type":"post","link":"https:\/\/www.corumbaonline.com.br\/news\/com-acoes-em-varias-linguagens-da-cultura-corumba-tera-semana-sesc-de-patrimonio-cultural\/","title":{"rendered":"Com a\u00e7\u00f5es em v\u00e1rias linguagens da cultura, Corumb\u00e1 ter\u00e1 Semana Sesc de Patrim\u00f4nio Cultural"},"content":{"rendered":"<p>De 14 a 18 de agosto o Sesc Corumb\u00e1 desenvolve um circuito de a\u00e7\u00f5es alusivas \u00e0 &#8220;Semana de Patrim\u00f4nio Cultural&#8221; em parceria com a Funda\u00e7\u00e3o da Cultura e do Patrim\u00f4nio Hist\u00f3rico de Corumb\u00e1, que ter\u00e3o como foco a capacita\u00e7\u00e3o dos trabalhadores do com\u00e9rcio, de suas fam\u00edlias e de toda comunidade sobre a import\u00e2ncia do turismo cultural como vetor de desenvolvimento social, econ\u00f4mico para o munic\u00edpio. Palestras, exposi\u00e7\u00e3o, conta\u00e7\u00e3o de hist\u00f3ria, interven\u00e7\u00e3o e cinema integram a programa\u00e7\u00e3o.<\/p>\n<p>A abertura\u00a0ser\u00e1 no dia 14, ter\u00e7a-feira, \u00e0s 19h30, com a apresenta\u00e7\u00e3o da Orquestra Corumbaense de Viola Caipira do Sesc.\u00a0 \u00c0s 20 horas haver\u00e1 a palestra &#8220;De quem \u00e9 o patrim\u00f4nio que estava aqui?&#8221;, com a Cientista social Ediv\u00e2nia Freitas de Jes\u00fas (UFMS), que vai abordar a import\u00e2ncia de se identificar essas refer\u00eancias culturais, compreendendo os espa\u00e7os que ocupa e a forma como tal a\u00e7\u00e3o fortalece os v\u00ednculos de identidade e pertencimento, estimulando a mem\u00f3ria coletiva.<\/p>\n<figure id=\"attachment_21129\" aria-describedby=\"caption-attachment-21129\" style=\"width: 400px\" class=\"wp-caption aligncenter\"><a href=\"https:\/\/www.corumbaonline.com.br\/news\/wp-content\/uploads\/2018\/08\/foto111849.jpg\"><img loading=\"lazy\" decoding=\"async\" class=\"size-full wp-image-21129\" src=\"https:\/\/www.corumbaonline.com.br\/news\/wp-content\/uploads\/2018\/08\/foto111849.jpg\" alt=\"\" width=\"400\" height=\"216\" srcset=\"https:\/\/www.corumbaonline.com.br\/news\/wp-content\/uploads\/2018\/08\/foto111849.jpg 400w, https:\/\/www.corumbaonline.com.br\/news\/wp-content\/uploads\/2018\/08\/foto111849-300x162.jpg 300w\" sizes=\"auto, (max-width: 400px) 100vw, 400px\" \/><\/a><figcaption id=\"caption-attachment-21129\" class=\"wp-caption-text\">(Foto: Divulga\u00e7\u00e3o)<\/figcaption><\/figure>\n<p>De 14 a 31 estar\u00e1 aberta para visita\u00e7\u00e3o a exposi\u00e7\u00e3o &#8220;Cores no formato de poesia, hist\u00f3ria e cultura&#8221; de Vitor Hugo, que retrata o perfil dos trabalhos do artista, inspirado no cotidiano, nas cores simples das esta\u00e7\u00f5es, nos formatos e personalidades distintas, uma s\u00e9rie de obras que envolvem poesia e simplicidade, em mensagens sutis ao espectador.<\/p>\n<p>No dia 15 de agosto, quarta-feira a palestra &#8220;Artesanato Local: lembran\u00e7as de qual lugar?&#8221; ser\u00e1 conduzida pela publicit\u00e1ria e antrop\u00f3loga Luciana Gomes, a partir das 19h30. A palestra estabelece a rela\u00e7\u00e3o entre o artesanato que retrata o patrim\u00f4nio natural mundial Pantanal e a pluralidade cultural, passando por quest\u00f5es como: qual \u00e9 a dimens\u00e3o cultural dos artefatos produzidos na regi\u00e3o pantaneira? Que hist\u00f3rias os objetos contam? Para que e para quem produzir artesanato? Luciana \u00e9 integrante do Laborat\u00f3rio de Antropologia Visual Alma do Brasil (LAVALMA), do Grupo de Estudos Fronteiri\u00e7os da UFMS e do Centro de Pesquisa de Etnologia Ind\u00edgena (CEPEI) da Unicamp.<\/p>\n<p>Tamb\u00e9m na quarta-feira (15), \u00e0s 20h30, a palestra &#8220;Turismo Cultural&#8221;, o antrop\u00f3logo \u00c1lvaro Banducci J\u00fanior, coordenador do LAVALMA e do Grupo de Estudos Fronteiri\u00e7os da UFMS, vai abordar a modalidade que, de acordo com o Minist\u00e9rio do Turismo (2010), ocupa o terceiro lugar no ranking de motiva\u00e7\u00f5es para viagens dom\u00e9sticas no Brasil e o primeiro em atra\u00e7\u00e3o para viagens internacionais.\u00a0 Uma discuss\u00e3o sobre o fomento, do ponto de vista financeiro e tamb\u00e9m da valoriza\u00e7\u00e3o das culturas locais. O turismo cultural tal como se desenvolve em Mato Grosso do Sul e mais especificamente em sua realidade pantaneira, ser\u00e1 abordado em sua potencialidade, tal como dimens\u00e3o de mercado e diversidade de atrativos e produtos, bem como seu alcance social e as implica\u00e7\u00f5es culturais e para o patrim\u00f4nio regional.<\/p>\n<p>Quinta, 16, \u00e0s 19h30, \u00e9 hora de falar da &#8220;Gastronomia enquanto patrim\u00f4nio cultural&#8221;, palestra com Caciano Lima, gerente de Patrim\u00f4nio Cultural na Funda\u00e7\u00e3o de Cultura de MS. Ele vai mostrar que a gastronomia, al\u00e9m de saciar a fome, aproxima as pessoas, identifica tra\u00e7os culturais de um povo por meio da sua religiosidade, etnia, produtos t\u00edpicos, assim como o aproveitamento do que o solo de cada lugar tem a oferecer atrav\u00e9s de sua capacidade de atravessar fronteiras, contribuir e influenciar na cultura alimentar de cada regi\u00e3o de acordo com as adapta\u00e7\u00f5es que dela ocorre.<\/p>\n<figure id=\"attachment_21130\" aria-describedby=\"caption-attachment-21130\" style=\"width: 400px\" class=\"wp-caption aligncenter\"><a href=\"https:\/\/www.corumbaonline.com.br\/news\/wp-content\/uploads\/2018\/08\/foto111850.jpg\"><img loading=\"lazy\" decoding=\"async\" class=\"size-full wp-image-21130\" src=\"https:\/\/www.corumbaonline.com.br\/news\/wp-content\/uploads\/2018\/08\/foto111850.jpg\" alt=\"\" width=\"400\" height=\"271\" srcset=\"https:\/\/www.corumbaonline.com.br\/news\/wp-content\/uploads\/2018\/08\/foto111850.jpg 400w, https:\/\/www.corumbaonline.com.br\/news\/wp-content\/uploads\/2018\/08\/foto111850-300x203.jpg 300w\" sizes=\"auto, (max-width: 400px) 100vw, 400px\" \/><\/a><figcaption id=\"caption-attachment-21130\" class=\"wp-caption-text\">(Foto: Divulga\u00e7\u00e3o)<\/figcaption><\/figure>\n<p>Em seguida, \u00e0s 20h30, a jornalista e fot\u00f3grafa Elis Regina aborda &#8220;A import\u00e2ncia da fotografia na gastronomia \u2013 &#8220;um convite \u00e0 comer com os olhos&#8221;. Elis Regina tem se dedicado de maneira a se especializar no tema, atrav\u00e9s de cursos de food photogrphy e food styling, para melhor captar os sabores, comida e os prazeres da mesa procurando sempre o appetite appeal. Tem fotos publicadas em diversas revistas como Piau\u00ed, Bravo, Isto \u00c9, Globo Rural, Nova Escola, Agente, \u00cdmpar, publica\u00e7\u00f5es Corporativas e Institucionais.<\/p>\n<p>O \u00faltimo evento da noite, \u00e0s 21h30 \u00e9 a apresenta\u00e7\u00e3o da Revista Ambrosia Gourmet, em sua quarta edi\u00e7\u00e3o, com a editora chefe Fernanda Nascimento Prochmann. A publica\u00e7\u00e3o \u00e9 a \u00fanica do g\u00eanero em Mato Grosso do Sul, tem circula\u00e7\u00e3o estadual, \u00e9 bimestral e com distribui\u00e7\u00e3o gratuita. A Ambrosia evidencia as peculiaridades da gastronomia sul-mato-grossense e leva o que h\u00e1 de mais novo na culin\u00e1ria mundial aos seus leitores. Com conte\u00fado abrangente e visual moderno, \u00e9 uma vitrine para os empres\u00e1rios dos segmentos de gastronomia, turismo, hotelaria, com\u00e9rcio e servi\u00e7os. Al\u00e9m de receitas saborosas, a Ambrosia traz entrevistas e colunas com chefs renomados, sugest\u00f5es de bebidas, se\u00e7\u00f5es de novidades do mercado, al\u00e9m de mat\u00e9rias especiais sobre tipos de alimentos, tend\u00eancias, hist\u00f3ria da gastronomia, percep\u00e7\u00f5es sobre comida estrangeira e muito mais.<\/p>\n<figure id=\"attachment_21128\" aria-describedby=\"caption-attachment-21128\" style=\"width: 267px\" class=\"wp-caption aligncenter\"><a href=\"https:\/\/www.corumbaonline.com.br\/news\/wp-content\/uploads\/2018\/08\/foto111848.jpg\"><img loading=\"lazy\" decoding=\"async\" class=\"size-full wp-image-21128\" src=\"https:\/\/www.corumbaonline.com.br\/news\/wp-content\/uploads\/2018\/08\/foto111848.jpg\" alt=\"\" width=\"267\" height=\"400\" srcset=\"https:\/\/www.corumbaonline.com.br\/news\/wp-content\/uploads\/2018\/08\/foto111848.jpg 267w, https:\/\/www.corumbaonline.com.br\/news\/wp-content\/uploads\/2018\/08\/foto111848-200x300.jpg 200w\" sizes=\"auto, (max-width: 267px) 100vw, 267px\" \/><\/a><figcaption id=\"caption-attachment-21128\" class=\"wp-caption-text\">(Foto: Divulga\u00e7\u00e3o)<\/figcaption><\/figure>\n<p>Na sexta-feira, 17 a programa\u00e7\u00e3o come\u00e7a \u00e0s 15 horas, agora no Jardim da Independ\u00eancia, com a interven\u00e7\u00e3o teatral &#8220;Eu perten\u00e7o \u00e0 Corumb\u00e1. Corumb\u00e1 me pertence!&#8221;. A interven\u00e7\u00e3o traz uma linha do tempo da cidade, marcando alguns fatos desde a pr\u00e9-hist\u00f3ria, nossas influ\u00eancias culturais, exaltando alguns orgulhos patrimoniais como o Jardim da Independ\u00eancia e o S\u00e3o Jo\u00e3o. Tamb\u00e9m haver\u00e1 premia\u00e7\u00e3o do concurso de cartazes e roda de cururu.<\/p>\n<p>O historiador M\u00e1rio S\u00e1, que \u00e9 docente na Universidade Federal da Grande Dourados, vai proferir a palestra &#8220;M\u00e1rio de Andrade, Um feiticeiro modernista&#8221;, que busca o entendimento da forma dial\u00f3gica que o Movimento Modernista teve entre a fic\u00e7\u00e3o e a realidade e apresentar\u00e1 as obras do modernismo brasileiro como fact\u00edveis de serem abordadas como fontes hist\u00f3ricas. E logo ap\u00f3s \u00e0s 20h30 ter\u00e1 uma Roda de Curimba.<\/p>\n<p>No \u00faltimo dia do circuito, 18, ter\u00e1 conta\u00e7\u00e3o da hist\u00f3ria &#8220;Corumb\u00e1, Minha Terra querida&#8221;, \u00e0s 18 horas. E ser\u00e1 lan\u00e7ado o document\u00e1rio &#8220;Seu&#8221; Agripino Magalhaes \u2013 Mestre Do Saber, de Alexander Carlos. A a\u00e7\u00e3o ocorre \u00e0s 18h30 e em seguida haver\u00e1 um bate-papo sobre o processo criativo e de produ\u00e7\u00e3o.<\/p>\n<p>O document\u00e1rio foi produzido durante a oficina de cinema do FASP 2018, com os ministrantes Gabriel Lima e Marinete Pinheiro, uma homenagem a Seu Agripino Soares, pelos seus 100 anos de idade, retratando a vida do homem simples, dedicado a preservar a arte popular tradicional da regi\u00e3o pantaneira, onde o cururu e o siriri tornaram n\u00e3o apenas uma atividade profissional mais um modo de vida. A programa\u00e7\u00e3o especial se encerra com mais uma roda de Cururu.<\/p>\n","protected":false},"excerpt":{"rendered":"<p>De 14 a 18 de agosto o Sesc Corumb\u00e1 desenvolve um circuito de a\u00e7\u00f5es alusivas&#8230;<\/p>\n","protected":false},"author":1,"featured_media":21127,"comment_status":"closed","ping_status":"closed","sticky":false,"template":"","format":"standard","meta":{"footnotes":""},"categories":[7],"tags":[],"class_list":["post-21126","post","type-post","status-publish","format-standard","has-post-thumbnail","hentry","category-cultura"],"_links":{"self":[{"href":"https:\/\/www.corumbaonline.com.br\/news\/wp-json\/wp\/v2\/posts\/21126","targetHints":{"allow":["GET"]}}],"collection":[{"href":"https:\/\/www.corumbaonline.com.br\/news\/wp-json\/wp\/v2\/posts"}],"about":[{"href":"https:\/\/www.corumbaonline.com.br\/news\/wp-json\/wp\/v2\/types\/post"}],"author":[{"embeddable":true,"href":"https:\/\/www.corumbaonline.com.br\/news\/wp-json\/wp\/v2\/users\/1"}],"replies":[{"embeddable":true,"href":"https:\/\/www.corumbaonline.com.br\/news\/wp-json\/wp\/v2\/comments?post=21126"}],"version-history":[{"count":1,"href":"https:\/\/www.corumbaonline.com.br\/news\/wp-json\/wp\/v2\/posts\/21126\/revisions"}],"predecessor-version":[{"id":21131,"href":"https:\/\/www.corumbaonline.com.br\/news\/wp-json\/wp\/v2\/posts\/21126\/revisions\/21131"}],"wp:featuredmedia":[{"embeddable":true,"href":"https:\/\/www.corumbaonline.com.br\/news\/wp-json\/wp\/v2\/media\/21127"}],"wp:attachment":[{"href":"https:\/\/www.corumbaonline.com.br\/news\/wp-json\/wp\/v2\/media?parent=21126"}],"wp:term":[{"taxonomy":"category","embeddable":true,"href":"https:\/\/www.corumbaonline.com.br\/news\/wp-json\/wp\/v2\/categories?post=21126"},{"taxonomy":"post_tag","embeddable":true,"href":"https:\/\/www.corumbaonline.com.br\/news\/wp-json\/wp\/v2\/tags?post=21126"}],"curies":[{"name":"wp","href":"https:\/\/api.w.org\/{rel}","templated":true}]}}