{"id":21152,"date":"2018-08-11T09:30:03","date_gmt":"2018-08-11T13:30:03","guid":{"rendered":"http:\/\/www.corumbaonline.com.br\/news\/?p=21152"},"modified":"2018-08-12T07:37:03","modified_gmt":"2018-08-12T11:37:03","slug":"engenheiros-pantaneiros-serao-homenageados-pela-camara-na-segunda","status":"publish","type":"post","link":"https:\/\/www.corumbaonline.com.br\/news\/engenheiros-pantaneiros-serao-homenageados-pela-camara-na-segunda\/","title":{"rendered":"Engenheiros pantaneiros ser\u00e3o homenageados pela C\u00e2mara na segunda"},"content":{"rendered":"<p><span style=\"color: #000000;\">A C\u00e2mara Municipal presta na pr\u00f3xima segunda-feira, 13 de agosto, uma homenagem aos engenheiros pantaneiros, como parte das celebra\u00e7\u00f5es do primeiro anivers\u00e1rio de funda\u00e7\u00e3o da Associa\u00e7\u00e3o dos Engenheiros de Corumb\u00e1, ocorrida em 17 de agosto de 2017.<\/span><\/p>\n<p><span style=\"color: #000000;\">O ato acontece durante a sess\u00e3o ordin\u00e1ria do Poder Legislativo corumbaense em atendimento a um requerimento do vereador Tadeu Vieira. \u201c\u00c9 uma justa homenagem \u00e0 categoria que criou a Associa\u00e7\u00e3o em 2017, como forma de congregar em seu quadro social, todos os engenheiros e acad\u00eamicos\u201d, afirmou.<\/span><\/p>\n<p><span style=\"color: #000000;\">Tadeu salienta que a entidade foi criada como forma de defender os interesses da classe, valorizando a profiss\u00e3o. \u201cA associa\u00e7\u00e3o n\u00e3o tem finalidade pol\u00edtica partid\u00e1ria e religiosa. N\u00e3o se manifesta ou toma partido em quest\u00f5es pol\u00edticas ou religiosas. Quero aqui expressar a minha alegria e dar os meus parab\u00e9ns a todos que iniciaram esse grande trabalho, bem como a todos os associados pelo anivers\u00e1rio dessa t\u00e3o importante entidade para a nossa querida Corumb\u00e1\u201d, destacou.<\/span><\/p>\n<p><span style=\"color: #000000;\">Agraciados<\/span><\/p>\n<p><span style=\"color: #000000;\">Os agraciados com mo\u00e7\u00f5es de congratula\u00e7\u00f5es ser\u00e3o Jean Carlos Simi\u00e3o Terto, Ney Pinto Vianna Filho, Chafic Lotfi Filho, Jos\u00e9 Antonio Assad e Faria, Luiz Mario Preza Rom\u00e3o, Miguel Roberto Mansur Bumlai, T\u00e2nia Mofreita Bruno S. Ribeiro Dantas, C\u00e1ssio Augusto da Costa Marques, Jos\u00e9 Wagner de Oliveira J\u00fanior, Name Antonio F, Carvalho.<\/span><\/p>\n<p><span style=\"color: #000000;\">Mohamad Moussa, Willian Zimi Ortega Padilha, Adjalme Marciano Esnarriaga, Jos\u00e9 Xavier Neto, Pedro Henrique Migueis Garcia, Emilio Velasquez Neto, Joelson Pereira Dib, Ricardo Campos Ametlla, Maikon de Almeida Varela, Alessandra Oliveira dos Reis, Gerson da Costa Melo, Joelson Dimas Viegas Barros, Edson de Moraes Rodrigues.<\/span><\/p>\n<p><span style=\"color: #000000;\">Danusa Ortega Sulzer, Zoe T\u00falio Paix\u00e3o, Fernando de Ara\u00fajo Philbois, Neilson Flores, Carolina de Mendon\u00e7a Ferreira Lacerda, Marcelo Rodrigues Antunes, Reynaldo Rodrigues Antunes, Gustavo da Veiga M. Serra, Luiz Fernando Moreira, Jos\u00e9 Eduardo Cardoso Lopes\u00a0\u00a0\u00a0e Matheus Pereira Cazarin Silva.<\/span><\/p>\n","protected":false},"excerpt":{"rendered":"<p>A C\u00e2mara Municipal presta na pr\u00f3xima segunda-feira, 13 de agosto, uma homenagem aos engenheiros pantaneiros,&#8230;<\/p>\n","protected":false},"author":1,"featured_media":21153,"comment_status":"closed","ping_status":"closed","sticky":false,"template":"","format":"standard","meta":{"footnotes":""},"categories":[19],"tags":[],"class_list":["post-21152","post","type-post","status-publish","format-standard","has-post-thumbnail","hentry","category-politica"],"_links":{"self":[{"href":"https:\/\/www.corumbaonline.com.br\/news\/wp-json\/wp\/v2\/posts\/21152","targetHints":{"allow":["GET"]}}],"collection":[{"href":"https:\/\/www.corumbaonline.com.br\/news\/wp-json\/wp\/v2\/posts"}],"about":[{"href":"https:\/\/www.corumbaonline.com.br\/news\/wp-json\/wp\/v2\/types\/post"}],"author":[{"embeddable":true,"href":"https:\/\/www.corumbaonline.com.br\/news\/wp-json\/wp\/v2\/users\/1"}],"replies":[{"embeddable":true,"href":"https:\/\/www.corumbaonline.com.br\/news\/wp-json\/wp\/v2\/comments?post=21152"}],"version-history":[{"count":1,"href":"https:\/\/www.corumbaonline.com.br\/news\/wp-json\/wp\/v2\/posts\/21152\/revisions"}],"predecessor-version":[{"id":21154,"href":"https:\/\/www.corumbaonline.com.br\/news\/wp-json\/wp\/v2\/posts\/21152\/revisions\/21154"}],"wp:featuredmedia":[{"embeddable":true,"href":"https:\/\/www.corumbaonline.com.br\/news\/wp-json\/wp\/v2\/media\/21153"}],"wp:attachment":[{"href":"https:\/\/www.corumbaonline.com.br\/news\/wp-json\/wp\/v2\/media?parent=21152"}],"wp:term":[{"taxonomy":"category","embeddable":true,"href":"https:\/\/www.corumbaonline.com.br\/news\/wp-json\/wp\/v2\/categories?post=21152"},{"taxonomy":"post_tag","embeddable":true,"href":"https:\/\/www.corumbaonline.com.br\/news\/wp-json\/wp\/v2\/tags?post=21152"}],"curies":[{"name":"wp","href":"https:\/\/api.w.org\/{rel}","templated":true}]}}