{"id":21160,"date":"2018-08-11T14:00:16","date_gmt":"2018-08-11T18:00:16","guid":{"rendered":"http:\/\/www.corumbaonline.com.br\/news\/?p=21160"},"modified":"2018-08-12T07:44:01","modified_gmt":"2018-08-12T11:44:01","slug":"gilberto-schaedler-assume-gerencia-das-unidades-do-senai-de-dourados-navirai-e-maracaju","status":"publish","type":"post","link":"https:\/\/www.corumbaonline.com.br\/news\/gilberto-schaedler-assume-gerencia-das-unidades-do-senai-de-dourados-navirai-e-maracaju\/","title":{"rendered":"Gilberto Schaedler assume ger\u00eancia das unidades do Senai de Dourados, Navira\u00ed e Maracaju"},"content":{"rendered":"<p class=\"x_MsoNormal\">O administrador de empresas Gilberto Schaedler, que atuava como diretor t\u00e9cnico do Senai em Mato Grosso do Sul, assumiu a ger\u00eancia unificada das unidades de Dourados, Navira\u00ed e Maracaju. O an\u00fancio foi feito pelo diretor-regional Rodolpho Caesar Mangialardo durante reuni\u00e3o realizada nesta sexta-feira (10\/08) com os colaboradores da unidade de Dourados.<\/p>\n<p class=\"x_MsoNormal\">\n<p class=\"x_MsoNormal\">Segundo Rodolpho Mangialardo, a mudan\u00e7a faz parte de uma nova estrat\u00e9gia do Senai para potencializar o atendimento das ind\u00fastrias da regi\u00e3o sul do Estado. \u201cO Gilberto \u00e9 de Dourados e conhece muito bem a regi\u00e3o. Ele ser\u00e1 respons\u00e1vel pelos munic\u00edpios da \u00e1rea de Nova Andradina at\u00e9 Porto Murtinho, passando por Dourados para fortalecer as unidades e ampliar a oferta de servi\u00e7os e produtos que temos para melhorar a competitividade das empresas\u201d, afirmou.<\/p>\n<p class=\"x_MsoNormal\">\n<p class=\"x_MsoNormal\">Para Gilberto Schaedler, a mudan\u00e7a representa um grande desafio. \u201cEspero contar com apoio de todos para que consigamos elevar as potencialidades das equipes das unidades e oportunizar um Senai mais efetivo junto \u00e0s empresas de Mato Grosso do Sul e levar qualifica\u00e7\u00e3o profissional de qualidade \u00e0 popula\u00e7\u00e3o\u201d, finalizou.<\/p>\n","protected":false},"excerpt":{"rendered":"<p>O administrador de empresas Gilberto Schaedler, que atuava como diretor t\u00e9cnico do Senai em Mato&#8230;<\/p>\n","protected":false},"author":1,"featured_media":21161,"comment_status":"closed","ping_status":"closed","sticky":false,"template":"","format":"standard","meta":{"footnotes":""},"categories":[14],"tags":[],"class_list":["post-21160","post","type-post","status-publish","format-standard","has-post-thumbnail","hentry","category-geral"],"_links":{"self":[{"href":"https:\/\/www.corumbaonline.com.br\/news\/wp-json\/wp\/v2\/posts\/21160","targetHints":{"allow":["GET"]}}],"collection":[{"href":"https:\/\/www.corumbaonline.com.br\/news\/wp-json\/wp\/v2\/posts"}],"about":[{"href":"https:\/\/www.corumbaonline.com.br\/news\/wp-json\/wp\/v2\/types\/post"}],"author":[{"embeddable":true,"href":"https:\/\/www.corumbaonline.com.br\/news\/wp-json\/wp\/v2\/users\/1"}],"replies":[{"embeddable":true,"href":"https:\/\/www.corumbaonline.com.br\/news\/wp-json\/wp\/v2\/comments?post=21160"}],"version-history":[{"count":1,"href":"https:\/\/www.corumbaonline.com.br\/news\/wp-json\/wp\/v2\/posts\/21160\/revisions"}],"predecessor-version":[{"id":21162,"href":"https:\/\/www.corumbaonline.com.br\/news\/wp-json\/wp\/v2\/posts\/21160\/revisions\/21162"}],"wp:featuredmedia":[{"embeddable":true,"href":"https:\/\/www.corumbaonline.com.br\/news\/wp-json\/wp\/v2\/media\/21161"}],"wp:attachment":[{"href":"https:\/\/www.corumbaonline.com.br\/news\/wp-json\/wp\/v2\/media?parent=21160"}],"wp:term":[{"taxonomy":"category","embeddable":true,"href":"https:\/\/www.corumbaonline.com.br\/news\/wp-json\/wp\/v2\/categories?post=21160"},{"taxonomy":"post_tag","embeddable":true,"href":"https:\/\/www.corumbaonline.com.br\/news\/wp-json\/wp\/v2\/tags?post=21160"}],"curies":[{"name":"wp","href":"https:\/\/api.w.org\/{rel}","templated":true}]}}