{"id":2117,"date":"2017-03-22T17:00:33","date_gmt":"2017-03-22T21:00:33","guid":{"rendered":"http:\/\/www.corumbaonline.com.br\/news\/?p=2117"},"modified":"2017-03-22T17:00:33","modified_gmt":"2017-03-22T21:00:33","slug":"dia-mundial-da-agua-aborda-uso-racional-do-recurso","status":"publish","type":"post","link":"https:\/\/www.corumbaonline.com.br\/news\/dia-mundial-da-agua-aborda-uso-racional-do-recurso\/","title":{"rendered":"Dia Mundial da \u00c1gua aborda uso racional do recurso"},"content":{"rendered":"<p>Promovido pela Prefeitura de Corumb\u00e1, atrav\u00e9s da Secretaria Municipal de Sa\u00fade, em parceria com a Embrapa Pantanal, o 3\u00ba semin\u00e1rio em comemora\u00e7\u00e3o ao Dia Mundial da \u00c1gua, abordou o tema \u201c\u00c1guas Residuais\u201d. O evento aconteceu nesta quarta-feira, 22 de mar\u00e7o.<\/p>\n<p>A gerente de Vigil\u00e2ncia em Sa\u00fade, Viviane Ametlla de Figueiredo, destacou que a data, comemorada hoje, alerta para a necessidade do uso racional do recurso. \u201cA \u00e1gua \u00e9 um bem essencial e precisamos nos atentar ao uso que temos com ela. A \u00e1gua est\u00e1 ficando cada vez mais escassa\u201d. A pesquisadora Catia Urbanetz, da Embrapa Pantanal, observou que o \u201cdia \u00e9 para reflex\u00e3o sobre esse recurso essencial para a vida\u201d.<\/p>\n<p>A palestra de abertura, feita pelo professor Willian Marcos da Silva, do Campus do Pantanal\/UFMS, discutiu diretamente a quest\u00e3o \u201c\u00c1guas Residuais no Brasil: um problema\u201d. \u00c1guas residuais s\u00e3o aquelas que v\u00e3o parar no esgoto. Essa \u00e1gua, das casas, cidades, ind\u00fastrias e agricultura, retorna \u00e0 natureza, na maioria das vezes sem ser tratada ou reutilizada e polui o meio ambiente. \u00c9 necess\u00e1rio que em vez de desperdi\u00e7\u00e1-la, seja reduzida e reutilizada, mas de forma segura.<\/p>\n<p>Tamb\u00e9m houve palestras que discutiram &#8220;Reaproveitamento de Res\u00edduos na Agricultura&#8221;, do pesquisador Ivan Bergier Tavares de Lima; \u201cTratamento de \u00e1gua para Hemodi\u00e1lise, reaproveitamento do rejeito da osmose\u201d, feita por Marcel Marcondes; \u2013\u201cTratamento de res\u00edduos das Esta\u00e7\u00f5es de Tratamento de \u00c1gua e Esgoto (ETA e ETE)\u201d e \u201cReutiliza\u00e7\u00e3o de \u00e1guas em resid\u00eancias com\u00e9rcios e escolas\u201d, da professora Marileize da Silva Brasil.<\/p>\n<p>O 3\u00ba semin\u00e1rio em comemora\u00e7\u00e3o ao \u201cDia Mundial da \u00c1gua\u201d tem apoio da Universidade Federal de Mato Grosso do Sul (UFMS), Sanesul, Instituto Homem Pantaneiro e Funda\u00e7\u00e3o de Meio Ambiente do Pantanal.<\/p>\n","protected":false},"excerpt":{"rendered":"<p>Promovido pela Prefeitura de Corumb\u00e1, atrav\u00e9s da Secretaria Municipal de Sa\u00fade, em parceria com a&#8230;<\/p>\n","protected":false},"author":2,"featured_media":2118,"comment_status":"closed","ping_status":"open","sticky":false,"template":"","format":"standard","meta":{"footnotes":""},"categories":[8,17],"tags":[],"class_list":["post-2117","post","type-post","status-publish","format-standard","has-post-thumbnail","hentry","category-destaque","category-meio-ambiente"],"_links":{"self":[{"href":"https:\/\/www.corumbaonline.com.br\/news\/wp-json\/wp\/v2\/posts\/2117","targetHints":{"allow":["GET"]}}],"collection":[{"href":"https:\/\/www.corumbaonline.com.br\/news\/wp-json\/wp\/v2\/posts"}],"about":[{"href":"https:\/\/www.corumbaonline.com.br\/news\/wp-json\/wp\/v2\/types\/post"}],"author":[{"embeddable":true,"href":"https:\/\/www.corumbaonline.com.br\/news\/wp-json\/wp\/v2\/users\/2"}],"replies":[{"embeddable":true,"href":"https:\/\/www.corumbaonline.com.br\/news\/wp-json\/wp\/v2\/comments?post=2117"}],"version-history":[{"count":0,"href":"https:\/\/www.corumbaonline.com.br\/news\/wp-json\/wp\/v2\/posts\/2117\/revisions"}],"wp:featuredmedia":[{"embeddable":true,"href":"https:\/\/www.corumbaonline.com.br\/news\/wp-json\/"}],"wp:attachment":[{"href":"https:\/\/www.corumbaonline.com.br\/news\/wp-json\/wp\/v2\/media?parent=2117"}],"wp:term":[{"taxonomy":"category","embeddable":true,"href":"https:\/\/www.corumbaonline.com.br\/news\/wp-json\/wp\/v2\/categories?post=2117"},{"taxonomy":"post_tag","embeddable":true,"href":"https:\/\/www.corumbaonline.com.br\/news\/wp-json\/wp\/v2\/tags?post=2117"}],"curies":[{"name":"wp","href":"https:\/\/api.w.org\/{rel}","templated":true}]}}