{"id":21178,"date":"2018-08-12T08:13:47","date_gmt":"2018-08-12T12:13:47","guid":{"rendered":"http:\/\/www.corumbaonline.com.br\/news\/?p=21178"},"modified":"2018-08-12T08:45:17","modified_gmt":"2018-08-12T12:45:17","slug":"talks-levam-conhecimento-de-maneira-dinamica-ao-publico-da-feira-4-0","status":"publish","type":"post","link":"https:\/\/www.corumbaonline.com.br\/news\/talks-levam-conhecimento-de-maneira-dinamica-ao-publico-da-feira-4-0\/","title":{"rendered":"Talks levam conhecimento de maneira din\u00e2mica ao p\u00fablico da Feira 4.0"},"content":{"rendered":"<p>Compartilhar conhecimento, ideias e experi\u00eancias de maneira r\u00e1pida \u00e9 o objetivo das Talks que acontecem durante a\u00a0<u><a href=\"http:\/\/seblink.sebrae.ms\/cl\/PDvtA\/KD_\/5659\/NMHUrhcjov1\/BNpD\/HYWTLdzy1n-\/1\/\" target=\"_blank\" rel=\"noopener noreferrer\">Feira do Empreendedor 4.0<\/a><\/u>, realizada pelo Sebrae\/MS, de 16 a 18 de agosto, das 13 \u00e0s 21 horas, na sede da institui\u00e7\u00e3o (<u><a href=\"http:\/\/seblink.sebrae.ms\/cl\/PDvtA\/KD_\/5659\/NMHUrhcjov1\/BNpD\/NYKse5cvqXD\/1\/\" target=\"_blank\" rel=\"noopener noreferrer\">Av. Mato Grosso, 1661<\/a><\/u>).<\/p>\n<p>Durante o segundo dia de evento, sexta-feira (17), estudantes do IFMS (Instituto Federal do Mato Grosso do Sul) v\u00e3o apresentar talks com dura\u00e7\u00e3o de 15 minutos cada, nas quais alunos do ensino m\u00e9dio e t\u00e9cnico compartilhar\u00e3o projetos de pesquisa cient\u00edfica desenvolvidos ao longo do ano letivo.<\/p>\n<p>\u00c0s 14 horas, Sara Machado, do campus de Aquidauana, fala sobre &#8220;<b>Biog\u00e1s em Comunidades Ind\u00edgenas<\/b>&#8220;. J\u00e1 \u00e0s 14h15, &#8220;<b>O\u00e1sis Solar<\/b>&#8221; \u00e9 o tema da talk ministrado pelo estudante Willian Ferreira, de Tr\u00eas Lagoas.<\/p>\n<p>Logo em seguida, \u00e0s 14h30, Carlos Henrique Silva, do campus de Nova Andradina, conduz a talk &#8220;<b>Fot\u00f4metro: Monitoramento de Solo<\/b>&#8220;. \u00c0s 14h45, \u00e9 a vez da aluna Glenda Martins, de Jardim, que vai falar sobre &#8220;<b>Viabilidade: Copos de Caf\u00e9 Comest\u00edveis<\/b>&#8220;.<\/p>\n<p>Por fim, \u00e0s 15 horas, a programa\u00e7\u00e3o se encerra com a apresenta\u00e7\u00e3o de Aderbal Junior, do campus de Coxim, que vai destacar &#8220;<b>Uma Alternativa para Piscicultura<\/b>&#8220;.<\/p>\n<p><b>Servi\u00e7o<\/b><\/p>\n<p>O pr\u00e9-credenciamento para esta que \u00e9 a 7\u00aa edi\u00e7\u00e3o da Feira do Empreendedor no estado pode ser feito pelo site\u00a0<u><a href=\"http:\/\/seblink.sebrae.ms\/cl\/PDvtA\/KD_\/5659\/NMHUrhcjov1\/BNpD\/HYWTLdzy1n-\/2\/\" target=\"_blank\" rel=\"noopener noreferrer\">www.feirams.com.br<\/a><\/u>, onde tamb\u00e9m est\u00e1 dispon\u00edvel a programa\u00e7\u00e3o completa. Este processo antecipado agiliza a entrada de cada participante no evento (totalmente gratuito), mas n\u00e3o garante vaga nas atividades da agenda, o que se dar\u00e1 por ordem de chegada, de acordo com a limita\u00e7\u00e3o de lugares no pr\u00e9dio e nos espa\u00e7os.<\/p>\n<p>S\u00e3o patrocinadores da Feira do Empreendedor MS 2018: Governo do Estado de Mato Grosso do Sul; Sistema Fiems (Sesi\/Senai); Fecom\u00e9rcio MS (Sesc\/Senac\/IPF); Senar MS; MS G\u00e1s; Sicredi Campo Grande; Banco do Brasil e Caixa Econ\u00f4mica Federal. Apoio: Applicando; Consbase; Walmart, Prefeitura de Campo Grande, Campus Party e Unica.<\/p>\n","protected":false},"excerpt":{"rendered":"<p>Compartilhar conhecimento, ideias e experi\u00eancias de maneira r\u00e1pida \u00e9 o objetivo das Talks que acontecem&#8230;<\/p>\n","protected":false},"author":1,"featured_media":21179,"comment_status":"closed","ping_status":"closed","sticky":false,"template":"","format":"standard","meta":{"footnotes":""},"categories":[22],"tags":[],"class_list":["post-21178","post","type-post","status-publish","format-standard","has-post-thumbnail","hentry","category-tecnologia"],"_links":{"self":[{"href":"https:\/\/www.corumbaonline.com.br\/news\/wp-json\/wp\/v2\/posts\/21178","targetHints":{"allow":["GET"]}}],"collection":[{"href":"https:\/\/www.corumbaonline.com.br\/news\/wp-json\/wp\/v2\/posts"}],"about":[{"href":"https:\/\/www.corumbaonline.com.br\/news\/wp-json\/wp\/v2\/types\/post"}],"author":[{"embeddable":true,"href":"https:\/\/www.corumbaonline.com.br\/news\/wp-json\/wp\/v2\/users\/1"}],"replies":[{"embeddable":true,"href":"https:\/\/www.corumbaonline.com.br\/news\/wp-json\/wp\/v2\/comments?post=21178"}],"version-history":[{"count":1,"href":"https:\/\/www.corumbaonline.com.br\/news\/wp-json\/wp\/v2\/posts\/21178\/revisions"}],"predecessor-version":[{"id":21180,"href":"https:\/\/www.corumbaonline.com.br\/news\/wp-json\/wp\/v2\/posts\/21178\/revisions\/21180"}],"wp:featuredmedia":[{"embeddable":true,"href":"https:\/\/www.corumbaonline.com.br\/news\/wp-json\/wp\/v2\/media\/21179"}],"wp:attachment":[{"href":"https:\/\/www.corumbaonline.com.br\/news\/wp-json\/wp\/v2\/media?parent=21178"}],"wp:term":[{"taxonomy":"category","embeddable":true,"href":"https:\/\/www.corumbaonline.com.br\/news\/wp-json\/wp\/v2\/categories?post=21178"},{"taxonomy":"post_tag","embeddable":true,"href":"https:\/\/www.corumbaonline.com.br\/news\/wp-json\/wp\/v2\/tags?post=21178"}],"curies":[{"name":"wp","href":"https:\/\/api.w.org\/{rel}","templated":true}]}}