{"id":21187,"date":"2018-08-12T08:36:55","date_gmt":"2018-08-12T12:36:55","guid":{"rendered":"http:\/\/www.corumbaonline.com.br\/news\/?p=21187"},"modified":"2018-08-12T08:56:21","modified_gmt":"2018-08-12T12:56:21","slug":"siga-ms-registra-evolucao-da-colheita-do-milho-que-chega-a-533","status":"publish","type":"post","link":"https:\/\/www.corumbaonline.com.br\/news\/siga-ms-registra-evolucao-da-colheita-do-milho-que-chega-a-533\/","title":{"rendered":"Siga MS registra evolu\u00e7\u00e3o da colheita do milho que chega a 53,3%"},"content":{"rendered":"<p>Os nove t\u00e9cnicos do Sistema de Informa\u00e7\u00f5es Geogr\u00e1ficas do Agroneg\u00f3cio (Siga MS), que \u00a0acompanham as safras de gr\u00e3os de Mato Grosso do Sul, coletaram amostras de milho em lavouras de 23 munic\u00edpios do Estado. No diagn\u00f3stico, o volume de 53,3% da colheita estadual finalizada, sendo a regi\u00e3o Norte mais avan\u00e7ada, com 84,7%. Segundo a Associa\u00e7\u00e3o dos Produtores de Soja de MS (Aprosoja\/MS) a produtividade estimada para este ciclo \u00e9 de 68 sacas por hectare.<\/p>\n<p>Alcin\u00f3polis, Coxim e Pedro Gomes sa\u00edram na frente e finalizaram a colheita do milho, com produtividade m\u00e9dia calculada em 114; 118,6; 108,9 sacas por hectare, respectivamente. Segundo o levantamento da Aprosoja\/MS Costa Rica deve ser o destaque na produtividade, com 124,7 sacas por hectare.<\/p>\n<p>Na regi\u00e3o Sul os munic\u00edpios com a colheita mais avan\u00e7ada s\u00e3o Itapor\u00e3, com mais de 80% da safra colhida, e Navira\u00ed com cerca de 53%. Todos os demais munic\u00edpios da regi\u00e3o est\u00e3o abaixo de 50%.<\/p>\n<p>Em compara\u00e7\u00e3o aos dados da safra anterior (2016\/2017) estima-se at\u00e9 o momento, redu\u00e7\u00e3o da \u00e1rea plantada em aproximadamente 8,21%, passando de 1,8 milh\u00e3o para 1,7 de milh\u00e3o de hectares. No que se refere \u00e0 produ\u00e7\u00e3o, a Aprosoja\/MS aponta redu\u00e7\u00e3o de 29,31% diante da expectativa inicial que era de de 9,8 milh\u00f5es de toneladas, como foi na safra 2016\/2017. Com o reajuste, a expectativa passa a ser de 6,936 milh\u00f5es de toneladas.<\/p>\n<p><b>Comercializa\u00e7\u00e3o<\/b><\/p>\n<p>Cerca de 36,30% da safra atual j\u00e1 est\u00e1 negociada, de acordo com dados da Granos Corretora. Ano passado, nesta mesma \u00e9poca do ano o volume era de 31,52%.<\/p>\n","protected":false},"excerpt":{"rendered":"<p>Os nove t\u00e9cnicos do Sistema de Informa\u00e7\u00f5es Geogr\u00e1ficas do Agroneg\u00f3cio (Siga MS), que \u00a0acompanham as&#8230;<\/p>\n","protected":false},"author":1,"featured_media":21188,"comment_status":"closed","ping_status":"closed","sticky":false,"template":"","format":"standard","meta":{"footnotes":""},"categories":[2],"tags":[],"class_list":["post-21187","post","type-post","status-publish","format-standard","has-post-thumbnail","hentry","category-agropecuaria"],"_links":{"self":[{"href":"https:\/\/www.corumbaonline.com.br\/news\/wp-json\/wp\/v2\/posts\/21187","targetHints":{"allow":["GET"]}}],"collection":[{"href":"https:\/\/www.corumbaonline.com.br\/news\/wp-json\/wp\/v2\/posts"}],"about":[{"href":"https:\/\/www.corumbaonline.com.br\/news\/wp-json\/wp\/v2\/types\/post"}],"author":[{"embeddable":true,"href":"https:\/\/www.corumbaonline.com.br\/news\/wp-json\/wp\/v2\/users\/1"}],"replies":[{"embeddable":true,"href":"https:\/\/www.corumbaonline.com.br\/news\/wp-json\/wp\/v2\/comments?post=21187"}],"version-history":[{"count":1,"href":"https:\/\/www.corumbaonline.com.br\/news\/wp-json\/wp\/v2\/posts\/21187\/revisions"}],"predecessor-version":[{"id":21189,"href":"https:\/\/www.corumbaonline.com.br\/news\/wp-json\/wp\/v2\/posts\/21187\/revisions\/21189"}],"wp:featuredmedia":[{"embeddable":true,"href":"https:\/\/www.corumbaonline.com.br\/news\/wp-json\/wp\/v2\/media\/21188"}],"wp:attachment":[{"href":"https:\/\/www.corumbaonline.com.br\/news\/wp-json\/wp\/v2\/media?parent=21187"}],"wp:term":[{"taxonomy":"category","embeddable":true,"href":"https:\/\/www.corumbaonline.com.br\/news\/wp-json\/wp\/v2\/categories?post=21187"},{"taxonomy":"post_tag","embeddable":true,"href":"https:\/\/www.corumbaonline.com.br\/news\/wp-json\/wp\/v2\/tags?post=21187"}],"curies":[{"name":"wp","href":"https:\/\/api.w.org\/{rel}","templated":true}]}}