{"id":21212,"date":"2018-08-13T08:06:01","date_gmt":"2018-08-13T12:06:01","guid":{"rendered":"http:\/\/www.corumbaonline.com.br\/news\/?p=21212"},"modified":"2018-08-13T06:18:07","modified_gmt":"2018-08-13T10:18:07","slug":"simone-deixa-a-disputa-e-harfouche-deve-ser-opcao-do-mdb-ao-governo","status":"publish","type":"post","link":"https:\/\/www.corumbaonline.com.br\/news\/simone-deixa-a-disputa-e-harfouche-deve-ser-opcao-do-mdb-ao-governo\/","title":{"rendered":"Simone deixa a disputa e Harfouche deve ser op\u00e7\u00e3o do MDB ao Governo"},"content":{"rendered":"<p>O MDB confirmou que a senadora Simone Tebet n\u00e3o ir\u00e1 concorrer \u00e0s Elei\u00e7\u00f5es 2018 como candidata ao Governo de Mato Grosso do Sul. Alegando quest\u00f5es particulares, a emedebista se pronunciou em nota oficial e explicou os motivos da desist\u00eancia.<\/p>\n<p>Na noite deste domingo (12), uma reuni\u00e3o com a c\u00fapula do partido resultou na candidatura do procurador de Justi\u00e7a licenciado S\u00e9rgio Harfouche para o Governo. A princ\u00edpio, ele seria o vice de Simone.<\/p>\n<p>Segundo um deputado que falou com o jornal, mas preferiu n\u00e3o se identificar, a c\u00fapula do partido discute eventualidade que o\u00a0procurador Harfouche arrume a titularidade da candidatura, mantendo a alian\u00e7a do MDB com o PSC.<\/p>\n<p>Contudo, a decis\u00e3o de colocar S\u00e9rgio Harfouche na candidatura n\u00e3o foi un\u00e2nime e teve rejei\u00e7\u00e3o ao procurador. Alguns deputados defendem o nome de Junior Mochi para representar o partido nas Elei\u00e7\u00f5es deste ano.<\/p>\n<p>O MDB deve anunciar at\u00e9 esta segunda-feira (13), a nova vice, que deve ser uma mulher, e manter a composi\u00e7\u00e3o da chapa.<\/p>\n<p>A princ\u00edpio, Harfouche seria candidato ao Senado pelo PSC, depois se lan\u00e7ou ao governo, em outro momento\u00a0<a href=\"https:\/\/www.midiamax.com.br\/politica\/2018\/nao-ha-nome-melhor-marun-confirma-harfouche-vice-de-simone\/\">foi apontado como o candidato a vice do MDB<\/a>\u00a0e agora volta com a candidatura ao governo.<\/p>\n<p><strong>Confira a nota da senadora Simone Tebet na \u00edntegra:<\/strong><\/p>\n<p>\u201c<em>Como \u00e9 do conhecimento de todos os membros deste Diret\u00f3rio, e de todos os companheiros emedebistas, nosso Partido estava, at\u00e9 duas semanas atr\u00e1s, com a sua campanha totalmente estruturada em torno do nosso candidato natural ao Governo do Estado, Andr\u00e9 Puccinelli.<\/em><\/p>\n<p><em>Um quadro de instabilidade atingiu nosso partido aqui em Mato Grosso do Sul, com a (em nosso entendimento) intempestiva interven\u00e7\u00e3o judici\u00e1ria num processo eleitoral que, at\u00e9 ent\u00e3o, vinha se desenvolvendo nos marcos da normalidade.<\/em><\/p>\n<p><em>N\u00e3o posso \u2013 e os emedebistas e o povo sul-mato-grossense n\u00e3o podem \u2013 compreender como \u201cnormal\u201d a pris\u00e3o de um candidato a governador \u00e0s v\u00e9speras da elei\u00e7\u00e3o, sem pr\u00e9via condena\u00e7\u00e3o. Vimo-nos, ent\u00e3o, obrigados a reagir a esse novo quadro de forma imediata, levados pela emo\u00e7\u00e3o e ainda chocados com as medidas que lhe foram impostas.<\/em><\/p>\n<p><em>Foi, principalmente, devido a essa emo\u00e7\u00e3o, e respondendo ao apelo que me foi formulado pelo pr\u00f3prio Andr\u00e9 Puccinelli, que aceitei, em nossa \u00faltima Conven\u00e7\u00e3o, a apresenta\u00e7\u00e3o do meu nome como candidata ao Governo do Estado de Mato Grosso do Sul.<\/em><\/p>\n<p><em>Foi, como disse, uma decis\u00e3o pessoal.\u00a0Desde ent\u00e3o, outras considera\u00e7\u00f5es, apontadas por meus familiares levam-me a rever essa decis\u00e3o.<\/em><\/p>\n<p><em>Conhecendo meus problemas de ordem pessoal, recebi apelos contundentes da minha fam\u00edlia para n\u00e3o ser candidata.<\/em><\/p>\n<p><em>Assim, acatando ao apelo de meus familiares, renuncio, \u00e0 minha candidatura ao Governo do Estado de Mato Grosso do Sul pelo MDB, mas reafirmo minha confian\u00e7a na pujan\u00e7a e unidade do nosso partido e dos nossos aliados, para manter a viabilidade do nosso projeto pol\u00edtico, que tem se mostrado, ao longo dos anos \u2013 e mesmo d\u00e9cadas \u2013, como imprescind\u00edvel para o desenvolvimento do nosso Estado.<\/em><\/p>\n<p><em>Se a op\u00e7\u00e3o for a escolha de um quadro partid\u00e1rio para ocupar a cabe\u00e7a de chapa, quero lembrar o nome do companheiro S\u00e9rgio Harfouche, cuja compet\u00eancia e cujo compromisso com esse projeto n\u00e3o podem ser postos em causa.<\/em><\/p>\n<p><em>Seja qual for a op\u00e7\u00e3o a ser adotada por esse Diret\u00f3rio, ter\u00e1 em mim uma militante aguerrida e disciplinada na defesa \u2013 volto a repetir \u2013 do nosso projeto pol\u00edtico, que considero (e n\u00e3o precisaria diz\u00ea-lo) o melhor para a nossa gente\u201d.<\/em><\/p>\n","protected":false},"excerpt":{"rendered":"<p>O MDB confirmou que a senadora Simone Tebet n\u00e3o ir\u00e1 concorrer \u00e0s Elei\u00e7\u00f5es 2018 como&#8230;<\/p>\n","protected":false},"author":1,"featured_media":0,"comment_status":"closed","ping_status":"closed","sticky":false,"template":"","format":"standard","meta":{"footnotes":""},"categories":[101,19],"tags":[],"class_list":["post-21212","post","type-post","status-publish","format-standard","hentry","category-eleicoes","category-politica"],"_links":{"self":[{"href":"https:\/\/www.corumbaonline.com.br\/news\/wp-json\/wp\/v2\/posts\/21212","targetHints":{"allow":["GET"]}}],"collection":[{"href":"https:\/\/www.corumbaonline.com.br\/news\/wp-json\/wp\/v2\/posts"}],"about":[{"href":"https:\/\/www.corumbaonline.com.br\/news\/wp-json\/wp\/v2\/types\/post"}],"author":[{"embeddable":true,"href":"https:\/\/www.corumbaonline.com.br\/news\/wp-json\/wp\/v2\/users\/1"}],"replies":[{"embeddable":true,"href":"https:\/\/www.corumbaonline.com.br\/news\/wp-json\/wp\/v2\/comments?post=21212"}],"version-history":[{"count":1,"href":"https:\/\/www.corumbaonline.com.br\/news\/wp-json\/wp\/v2\/posts\/21212\/revisions"}],"predecessor-version":[{"id":21213,"href":"https:\/\/www.corumbaonline.com.br\/news\/wp-json\/wp\/v2\/posts\/21212\/revisions\/21213"}],"wp:attachment":[{"href":"https:\/\/www.corumbaonline.com.br\/news\/wp-json\/wp\/v2\/media?parent=21212"}],"wp:term":[{"taxonomy":"category","embeddable":true,"href":"https:\/\/www.corumbaonline.com.br\/news\/wp-json\/wp\/v2\/categories?post=21212"},{"taxonomy":"post_tag","embeddable":true,"href":"https:\/\/www.corumbaonline.com.br\/news\/wp-json\/wp\/v2\/tags?post=21212"}],"curies":[{"name":"wp","href":"https:\/\/api.w.org\/{rel}","templated":true}]}}