{"id":2122,"date":"2017-03-23T12:07:09","date_gmt":"2017-03-23T16:07:09","guid":{"rendered":"http:\/\/www.corumbaonline.com.br\/news\/?p=2122"},"modified":"2017-03-23T12:07:09","modified_gmt":"2017-03-23T16:07:09","slug":"municipio-expande-atendimentos-medicos-nas-unidades-de-saude-e-busca-parceria-com-governo-do-estado","status":"publish","type":"post","link":"https:\/\/www.corumbaonline.com.br\/news\/municipio-expande-atendimentos-medicos-nas-unidades-de-saude-e-busca-parceria-com-governo-do-estado\/","title":{"rendered":"Munic\u00edpio expande atendimentos m\u00e9dicos nas unidades de sa\u00fade e busca parceria com Governo do Estado"},"content":{"rendered":"<p dir=\"ltr\">At\u00e9 31 de mar\u00e7o as unidades b\u00e1sicas de sa\u00fade Nova Corumb\u00e1 e Pedro Paulo II v\u00e3o dispor de plant\u00f5es para refor\u00e7ar o atendimento \u00e0 sa\u00fade no Munic\u00edpio. O atendimento vai funcionar de segunda a sexta-feira, das 18 \u00e0s 23 horas e, aos s\u00e1bados e domingos, de 17 \u00e0s 22 horas. A a\u00e7\u00e3o emergencial foi definida pela Secretaria de Sa\u00fade como resposta \u00e0s necessidades da popula\u00e7\u00e3o. \u201cA nossa preocupa\u00e7\u00e3o \u00e9 em oferecer um atendimento digno e eficiente \u00e0 sociedade e, ao expandir o hor\u00e1rio de atendimento, estamos buscando sanar este aumento de demanda sazonal\u201d, explicou o secret\u00e1rio de sa\u00fade de Corumb\u00e1, Rog\u00e9rio dos Santos Leite.<\/p>\n<p>&nbsp;<\/p>\n<p dir=\"ltr\">A sa\u00fade p\u00fablica \u00e9 um dos pilares na gest\u00e3o do prefeito Ruiter Cunha de Oliveira, que est\u00e1 em Campo Grande para solicitar ao Estado a amplia\u00e7\u00e3o do hospital de Corumb\u00e1. \u201cAl\u00e9m de uma reforma no pr\u00e9dio, precisamos de mais leitos para oferecer um atendimento de qualidade ao cidad\u00e3o\u201d, justificou Ruiter Cunha. A reuni\u00e3o entre o secret\u00e1rio de sa\u00fade de Mato Grosso do Sul, Nelson Tavares, o prefeito de Corumb\u00e1, Ruiter Cunha de Oliveira, o secret\u00e1rio de sa\u00fade de Corumb\u00e1, Rog\u00e9rio Leite e o diretor da Santa Casa de Corumb\u00e1, Ant\u00f4nio Sabatel, busca viabilizar uma parceria entre Prefeitura e Governo do Estado para a concretiza\u00e7\u00e3o do projeto.<\/p>\n<p>&nbsp;<\/p>\n<p dir=\"ltr\">Desde segunda-feira, representantes da sa\u00fade p\u00fablica de Corumb\u00e1 est\u00e3o em Campo Grande para o evento Acolhimento aos Novos Gestores em Sa\u00fade, que reuniu 79 munic\u00edpios de Mato Grosso do Sul e apresentou temas voltados para t\u00e9cnicos, gestores e profissionais de sa\u00fade abordando Avalia\u00e7\u00e3o e Controle das Organiza\u00e7\u00f5es Sociais, Administra\u00e7\u00e3o Hospitalar, Financiamentos em Sa\u00fade e Vigil\u00e2ncia em Sa\u00fade.<\/p>\n<p>&nbsp;<\/p>\n<p dir=\"ltr\">Na abertura, que contou com a presen\u00e7a do governador Reinaldo Azambuja, foi proposto um novo modelo de gest\u00e3o da sa\u00fade p\u00fablica. \u201cEstamos equipando os polos regionais, com mais leitos e aparelhos para exames complexos, e fazendo parcerias com a rede hospitalar, mas \u00e9 preciso avan\u00e7armos mais, por isso estamos aqui abrindo esse di\u00e1logo com os prefeitos e definirmos qual a melhor pol\u00edtica p\u00fablica para a sa\u00fade\u201d, disse o governador. Ele enfatizou que nesse momento de crise, onde a receita n\u00e3o cresce enquanto as demandas avolumam, \u00e9 preciso construir cons\u00f3rcios e dividir responsabilidades.<\/p>\n<p>&nbsp;<\/p>\n<p dir=\"ltr\">O governador refor\u00e7ou a import\u00e2ncia dos munic\u00edpios realizarem parceria com o Estado de Mato Grosso do Sul para reestruturar a rede de sa\u00fade, regionalizando o atendimento a partir da estrutura\u00e7\u00e3o da rede de sa\u00fade local pelo Estado. \u201cEsse comprometimento do munic\u00edpio com a assist\u00eancia b\u00e1sica ser\u00e1 fundamental para eliminar a press\u00e3o atual ao sistema com a demanda por cirurgias de m\u00e9dia e alta complexidade, al\u00e9m dos exames especializados\u201d, ponderou.<\/p>\n<p>&nbsp;<\/p>\n<p dir=\"ltr\">Ressaltando a reorganiza\u00e7\u00e3o dos servi\u00e7os de sa\u00fade atrav\u00e9s da regionaliza\u00e7\u00e3o, o secret\u00e1rio de estado de sa\u00fade Nelson Tavares destacou a import\u00e2ncia em reestruturar a sa\u00fade, promovendo a autonomia dos munic\u00edpios ao fortalecer os p\u00f3los de sa\u00fade. \u201cA Caravana da Sa\u00fade foi o come\u00e7o e hoje estamos ampliando este trabalho com o objetivo de fortalecer os servi\u00e7os de sa\u00fade dos munic\u00edpios. Nos concentramos na regionaliza\u00e7\u00e3o, reestruturando os munic\u00edpios para que eles ofere\u00e7am servi\u00e7os de qualidade para a popula\u00e7\u00e3o e juntamente a isso desafogar a rede de sa\u00fade\u201d, complementou Tavares.<\/p>\n<p>&nbsp;<\/p>\n<p dir=\"ltr\">\u201cCorumb\u00e1 conta com especialistas em ortopedia, ginecologia e obstetr\u00edcia, cirurgia geral e vascular, pediatria, oncologia e cardiologia. Ao regionalizar a sa\u00fade, o munic\u00edpio ganha ainda mais autonomia nos atendimentos, o que reverte em qualidade de vida aos cidad\u00e3os\u201d, concluiu o secret\u00e1rio de sa\u00fade Rog\u00e9rio Leite.<\/p>\n<p>&nbsp;<\/p>\n<p dir=\"ltr\"><strong>Plant\u00f5es<\/strong><\/p>\n<p>&nbsp;<\/p>\n<p dir=\"ltr\">Come\u00e7a nesta quarta-feira, 22 de mar\u00e7o, e vai at\u00e9 \u00a031 de mar\u00e7o o atendimento de plant\u00e3o nas unidades b\u00e1sicas de sa\u00fade Nova Corumb\u00e1 e Pedro Paulo II. Os atendimentos ser\u00e3o realizados de segunda a sexta-feira, das 18 \u00e0s 23 horas e, aos s\u00e1bados e domingos, de 17 \u00e0s 22 horas.<\/p>\n<p>&nbsp;<\/p>\n<p dir=\"ltr\">A unidade de sa\u00fade Pedro Paulo II, funciona da rua Batista das Neves, 119, centro, e atende pelo telefone 3907-5940. J\u00e1 a unidade Nova Corumb\u00e1, funciona na rua Cir\u00edaco de Toledo, sem n\u00famero, no bairro Nova Corumb\u00e1. Tel. \u00a03907-5381<\/p>\n","protected":false},"excerpt":{"rendered":"<p>At\u00e9 31 de mar\u00e7o as unidades b\u00e1sicas de sa\u00fade Nova Corumb\u00e1 e Pedro Paulo II&#8230;<\/p>\n","protected":false},"author":2,"featured_media":2123,"comment_status":"closed","ping_status":"open","sticky":false,"template":"","format":"standard","meta":{"footnotes":""},"categories":[8,21],"tags":[],"class_list":["post-2122","post","type-post","status-publish","format-standard","has-post-thumbnail","hentry","category-destaque","category-saude"],"_links":{"self":[{"href":"https:\/\/www.corumbaonline.com.br\/news\/wp-json\/wp\/v2\/posts\/2122","targetHints":{"allow":["GET"]}}],"collection":[{"href":"https:\/\/www.corumbaonline.com.br\/news\/wp-json\/wp\/v2\/posts"}],"about":[{"href":"https:\/\/www.corumbaonline.com.br\/news\/wp-json\/wp\/v2\/types\/post"}],"author":[{"embeddable":true,"href":"https:\/\/www.corumbaonline.com.br\/news\/wp-json\/wp\/v2\/users\/2"}],"replies":[{"embeddable":true,"href":"https:\/\/www.corumbaonline.com.br\/news\/wp-json\/wp\/v2\/comments?post=2122"}],"version-history":[{"count":0,"href":"https:\/\/www.corumbaonline.com.br\/news\/wp-json\/wp\/v2\/posts\/2122\/revisions"}],"wp:featuredmedia":[{"embeddable":true,"href":"https:\/\/www.corumbaonline.com.br\/news\/wp-json\/"}],"wp:attachment":[{"href":"https:\/\/www.corumbaonline.com.br\/news\/wp-json\/wp\/v2\/media?parent=2122"}],"wp:term":[{"taxonomy":"category","embeddable":true,"href":"https:\/\/www.corumbaonline.com.br\/news\/wp-json\/wp\/v2\/categories?post=2122"},{"taxonomy":"post_tag","embeddable":true,"href":"https:\/\/www.corumbaonline.com.br\/news\/wp-json\/wp\/v2\/tags?post=2122"}],"curies":[{"name":"wp","href":"https:\/\/api.w.org\/{rel}","templated":true}]}}