{"id":2125,"date":"2017-03-23T12:12:38","date_gmt":"2017-03-23T16:12:38","guid":{"rendered":"http:\/\/www.corumbaonline.com.br\/news\/?p=2125"},"modified":"2017-03-23T12:12:38","modified_gmt":"2017-03-23T16:12:38","slug":"para-secretario-de-governo-industria-sem-fronteiras-vai-industrializar-ms","status":"publish","type":"post","link":"https:\/\/www.corumbaonline.com.br\/news\/para-secretario-de-governo-industria-sem-fronteiras-vai-industrializar-ms\/","title":{"rendered":"Para secret\u00e1rio de Governo, Ind\u00fastria Sem Fronteiras vai industrializar MS"},"content":{"rendered":"<p>Secret\u00e1rio de Governo e Gest\u00e3o Estrat\u00e9gica, Eduardo Riedel afirmou, durante o lan\u00e7amento do Ind\u00fastria Sem Fronteiras, na ter\u00e7a-feira (22), que n\u00e3o \u00e9 correta a concep\u00e7\u00e3o de que o projeto, criado para dar ampla divulga\u00e7\u00e3o ao Programa Fomentar Fronteiras, do Governo de Mato Grosso do Sul, pode levar \u00e0 desindustrializa\u00e7\u00e3o do Estado. &#8220;O Governo do Estado n\u00e3o tem nenhum receio quanto isso, pelo contr\u00e1rio. Muitos criticam: &#8216;Mas como pode, apoiar a industrializa\u00e7\u00e3o do Paraguai?&#8217;, e essa \u00e9 uma discuss\u00e3o p\u00e1gina virada para n\u00f3s, porque estamos vivendo em tempo de economia globalizada, de competitividade e capacidade de investimento e, como todos falamos, de ganhar dinheiro. O capital privado vive de resultado, emprega, investe, e \u00e9 isso que precisamos facilitar&#8221;, falou.<\/p>\n<p>&nbsp;<\/p>\n<p>\u201cVivemos em uma \u00e9poca na qual o crescimento n\u00e3o tem fronteiras e se faz necess\u00e1rio esclarecer que empresas instaladas em munic\u00edpios fronteiri\u00e7os trazem benef\u00edcios para ambos os pa\u00edses. Assim como o Mato Grosso do Sul tem um programa de competitividade que atrai empresas do Brasil inteiro, o Paraguai tamb\u00e9m tem as suas prerrogativas. A principal inten\u00e7\u00e3o \u00e9 mostrar que temos bons potenciais l\u00e1 e aqui, para conseguirmos atrair mais ind\u00fastrias e neg\u00f3cios para nossa regi\u00e3o \u2013 seja no Brasil ou no Paraguai\u201d, emendou Eduardo Riedel.<\/p>\n<p>&nbsp;<\/p>\n<p>O Ind\u00fastria Sem Fronteiras foi lan\u00e7ado pela Fiems para divulgar o Decreto Estadual n\u00ba 14.090\/2014, que instituiu o Programa Fomentar Fronteiras, e trata dos benef\u00edcios fiscais obtidos com a instala\u00e7\u00e3o de uma esp\u00e9cie de filial da empresa no Paraguai, desde que a sede seja mantida em Mato Grosso do Sul. Assim como Riedel, o governador Reinaldo Azambuja tamb\u00e9m elencou os benef\u00edcios que o Ind\u00fastria Sem Fronteiras trar\u00e1 para Mato Grosso do Sul, afirmando que projeto vai fortalecer os munic\u00edpios sul-mato-grossenses vizinhos ao Paraguai, al\u00e9m de contribuir para o desenvolvimento da ind\u00fastria e do com\u00e9rcio da faixa de fronteira.<\/p>\n<p>&nbsp;<\/p>\n<p>\u201cO Ind\u00fastria Sem Fronteiras vem para dinamizar a competitividade e integra\u00e7\u00e3o entre o Paraguai e Mato Grosso do Sul, possibilitada pelo decreto estadual que criou o programa Fomentar Fronteiras. E n\u00f3s precisamos dessa din\u00e2mica produtiva, tenho certeza que o Ind\u00fastria Sem Fronteiras pode contribuir muito para fortalecer todo o Estado, principalmente a regi\u00e3o de fronteiras, criando ali caminhos de desenvolvimento para o setor industrial, fortalecendo as ind\u00fastrias, o com\u00e9rcio, e principalmente os munic\u00edpios fronteiri\u00e7os do Brasil e Paraguai\u201d, avaliou o governador depois de conhecer formalmente o programa, durante reuni\u00e3o na Governadoria com o presidente da Fiems, S\u00e9rgio Longen, e autoridades do Paraguai, tamb\u00e9m na ter\u00e7a-feira.<\/p>\n<p>&nbsp;<\/p>\n<p>O objetivo do Ind\u00fastria Sem Fronteiras \u00e9 fornecer informa\u00e7\u00f5es ao empres\u00e1rio sobre as vantagens competitivas de internacionaliza\u00e7\u00e3o das empresas, por meio dos mecanismos do Programa Fomentar Fronteiras, criado pelo decreto n\u00ba 14.090\/2014, e da chamada Lei de Maquila, que preveem a isen\u00e7\u00e3o de impostos, al\u00e9m de, por meio de um guia a ser distribu\u00eddo para empres\u00e1rios de todo o Brasil, apresentar a infraestrutura desses munic\u00edpios fronteiri\u00e7os, como a log\u00edstica de transportes, custo da energia e \u00e1gua, m\u00e3o de obra e, ainda, locais adequados para instala\u00e7\u00e3o do empreendimento.<\/p>\n","protected":false},"excerpt":{"rendered":"<p>Secret\u00e1rio de Governo e Gest\u00e3o Estrat\u00e9gica, Eduardo Riedel afirmou, durante o lan\u00e7amento do Ind\u00fastria Sem&#8230;<\/p>\n","protected":false},"author":2,"featured_media":2126,"comment_status":"closed","ping_status":"open","sticky":false,"template":"","format":"standard","meta":{"footnotes":""},"categories":[8,9],"tags":[],"class_list":["post-2125","post","type-post","status-publish","format-standard","has-post-thumbnail","hentry","category-destaque","category-economia"],"_links":{"self":[{"href":"https:\/\/www.corumbaonline.com.br\/news\/wp-json\/wp\/v2\/posts\/2125","targetHints":{"allow":["GET"]}}],"collection":[{"href":"https:\/\/www.corumbaonline.com.br\/news\/wp-json\/wp\/v2\/posts"}],"about":[{"href":"https:\/\/www.corumbaonline.com.br\/news\/wp-json\/wp\/v2\/types\/post"}],"author":[{"embeddable":true,"href":"https:\/\/www.corumbaonline.com.br\/news\/wp-json\/wp\/v2\/users\/2"}],"replies":[{"embeddable":true,"href":"https:\/\/www.corumbaonline.com.br\/news\/wp-json\/wp\/v2\/comments?post=2125"}],"version-history":[{"count":0,"href":"https:\/\/www.corumbaonline.com.br\/news\/wp-json\/wp\/v2\/posts\/2125\/revisions"}],"wp:featuredmedia":[{"embeddable":true,"href":"https:\/\/www.corumbaonline.com.br\/news\/wp-json\/"}],"wp:attachment":[{"href":"https:\/\/www.corumbaonline.com.br\/news\/wp-json\/wp\/v2\/media?parent=2125"}],"wp:term":[{"taxonomy":"category","embeddable":true,"href":"https:\/\/www.corumbaonline.com.br\/news\/wp-json\/wp\/v2\/categories?post=2125"},{"taxonomy":"post_tag","embeddable":true,"href":"https:\/\/www.corumbaonline.com.br\/news\/wp-json\/wp\/v2\/tags?post=2125"}],"curies":[{"name":"wp","href":"https:\/\/api.w.org\/{rel}","templated":true}]}}