{"id":21264,"date":"2018-08-13T11:11:14","date_gmt":"2018-08-13T15:11:14","guid":{"rendered":"http:\/\/www.corumbaonline.com.br\/news\/?p=21264"},"modified":"2018-08-13T11:24:26","modified_gmt":"2018-08-13T15:24:26","slug":"nunca-desisti-diz-sergio-harfouche-sobre-candidatura-ao-governo-do-estado","status":"publish","type":"post","link":"https:\/\/www.corumbaonline.com.br\/news\/nunca-desisti-diz-sergio-harfouche-sobre-candidatura-ao-governo-do-estado\/","title":{"rendered":"\u2018Nunca desisti\u2019, diz S\u00e9rgio Harfouche sobre candidatura ao governo do Estado"},"content":{"rendered":"<p>O procurador de Justi\u00e7a S\u00e9rgio Harfouche (PSC) declarou ao\u00a0<strong>Jornal Midiamax<\/strong>\u00a0nesta segunda-feira (13) nunca ter desistido de ser candidato ao governo do Estado. \u201cQuando aconteceram as conven\u00e7\u00f5es, chegaram a anunciar que eu havia desistido. Mas eu nunca desisti. O que aconteceu \u00e9 que naquele momento houve um entendimento de que seria melhor para o partido que eu aceitasse o convite como vice\u201d.<\/p>\n<p>Aguardando em casa uma resposta do MDB, que est\u00e1 reunido deliberando sobre os caminhos do partido, Harfouche diz estar tranquilo e pronto para a campanha. \u201cSempre fui candidato. O que houve foi a indica\u00e7\u00e3o do nome da senadora Simone Tebet, o que me honra, mas agora cabe ao MDB aceitar a indica\u00e7\u00e3o do meu nome\u201d.<\/p>\n<p>Na ren\u00fancia, Simone Tebet teria pedido ao MDB que Harfouche assumisse a sua candidatura como o nome da coliga\u00e7\u00e3o para disputar o cargo ao governo do Estado.<\/p>\n<p>\u201cNessas pr\u00f3ximas horas teremos uma defini\u00e7\u00e3o. Deliberando isso, o PSC e eu seremos chamados para conversar, caso o MDB entenda que o meu nome deva ser mantido para que eu seja o candidato\u2019, afirmou.<\/p>\n<h1>Desist\u00eancia<\/h1>\n<p>A senadora Simone Tebet alegou raz\u00f5es pessoais para desistir, na noite deste domingo (12), de concorrer ao cargo de governadora por Mato Grosso do Sul.<\/p>\n<p>A princ\u00edpio, Harfouche seria candidato ao Senado pelo PSC, depois se lan\u00e7ou ao governo, em outro momento\u00a0<a href=\"https:\/\/www.midiamax.com.br\/politica\/2018\/nao-ha-nome-melhor-marun-confirma-harfouche-vice-de-simone\/\">foi apontado como o candidato a vice do MDB<\/a>\u00a0e agora pode voltar com a candidatura ao governo.<\/p>\n<p><strong><em>Confira a nota da senadora Simone Tebet na \u00edntegra:<\/em><\/strong><\/p>\n<p><strong>\u201c<em>Como \u00e9 do conhecimento de todos os membros deste Diret\u00f3rio, e de todos os companheiros emedebistas, nosso Partido estava, at\u00e9 duas semanas atr\u00e1s, com a sua campanha totalmente estruturada em torno do nosso candidato natural ao Governo do Estado, Andr\u00e9 Puccinelli.<\/em><\/strong><\/p>\n<p><strong><em>Um quadro de instabilidade atingiu nosso partido aqui em Mato Grosso do Sul, com a (em nosso entendimento) intempestiva interven\u00e7\u00e3o judici\u00e1ria num processo eleitoral que, at\u00e9 ent\u00e3o, vinha se desenvolvendo nos marcos da normalidade.<\/em><\/strong><\/p>\n<p><strong><em>N\u00e3o posso \u2013 e os emedebistas e o povo sul-mato-grossense n\u00e3o podem \u2013 compreender como \u201cnormal\u201d a pris\u00e3o de um candidato a governador \u00e0s v\u00e9speras da elei\u00e7\u00e3o, sem pr\u00e9via condena\u00e7\u00e3o. Vimo-nos, ent\u00e3o, obrigados a reagir a esse novo quadro de forma imediata, levados pela emo\u00e7\u00e3o e ainda chocados com as medidas que lhe foram impostas.<\/em><\/strong><\/p>\n<p><strong><em>Foi, principalmente, devido a essa emo\u00e7\u00e3o, e respondendo ao apelo que me foi formulado pelo pr\u00f3prio Andr\u00e9 Puccinelli, que aceitei, em nossa \u00faltima Conven\u00e7\u00e3o, a apresenta\u00e7\u00e3o do meu nome como candidata ao Governo do Estado de Mato Grosso do Sul.<\/em><\/strong><\/p>\n<p><strong><em>Foi, como disse, uma decis\u00e3o pessoal.\u00a0Desde ent\u00e3o, outras considera\u00e7\u00f5es, apontadas por meus familiares levam-me a rever essa decis\u00e3o.<\/em><\/strong><\/p>\n<p><strong><em>Conhecendo meus problemas de ordem pessoal, recebi apelos contundentes da minha fam\u00edlia para n\u00e3o ser candidata.<\/em><\/strong><\/p>\n<p><strong><em>Assim, acatando ao apelo de meus familiares, renuncio, \u00e0 minha candidatura ao Governo do Estado de Mato Grosso do Sul pelo MDB, mas reafirmo minha confian\u00e7a na pujan\u00e7a e unidade do nosso partido e dos nossos aliados, para manter a viabilidade do nosso projeto pol\u00edtico, que tem se mostrado, ao longo dos anos \u2013 e mesmo d\u00e9cadas \u2013, como imprescind\u00edvel para o desenvolvimento do nosso Estado.<\/em><\/strong><\/p>\n<p><strong><em>Se a op\u00e7\u00e3o for a escolha de um quadro partid\u00e1rio para ocupar a cabe\u00e7a de chapa, quero lembrar o nome do companheiro S\u00e9rgio Harfouche, cuja compet\u00eancia e cujo compromisso com esse projeto n\u00e3o podem ser postos em causa.<\/em><\/strong><\/p>\n<p><strong><em>Seja qual for a op\u00e7\u00e3o a ser adotada por esse Diret\u00f3rio, ter\u00e1 em mim uma militante aguerrida e disciplinada na defesa \u2013 volto a repetir \u2013 do nosso projeto pol\u00edtico, que considero (e n\u00e3o precisaria diz\u00ea-lo) o melhor para a nossa gente\u201d.<\/em><\/strong><\/p>\n","protected":false},"excerpt":{"rendered":"<p>O procurador de Justi\u00e7a S\u00e9rgio Harfouche (PSC) declarou ao\u00a0Jornal Midiamax\u00a0nesta segunda-feira (13) nunca ter desistido&#8230;<\/p>\n","protected":false},"author":1,"featured_media":0,"comment_status":"closed","ping_status":"closed","sticky":false,"template":"","format":"standard","meta":{"footnotes":""},"categories":[101,19],"tags":[],"class_list":["post-21264","post","type-post","status-publish","format-standard","hentry","category-eleicoes","category-politica"],"_links":{"self":[{"href":"https:\/\/www.corumbaonline.com.br\/news\/wp-json\/wp\/v2\/posts\/21264","targetHints":{"allow":["GET"]}}],"collection":[{"href":"https:\/\/www.corumbaonline.com.br\/news\/wp-json\/wp\/v2\/posts"}],"about":[{"href":"https:\/\/www.corumbaonline.com.br\/news\/wp-json\/wp\/v2\/types\/post"}],"author":[{"embeddable":true,"href":"https:\/\/www.corumbaonline.com.br\/news\/wp-json\/wp\/v2\/users\/1"}],"replies":[{"embeddable":true,"href":"https:\/\/www.corumbaonline.com.br\/news\/wp-json\/wp\/v2\/comments?post=21264"}],"version-history":[{"count":1,"href":"https:\/\/www.corumbaonline.com.br\/news\/wp-json\/wp\/v2\/posts\/21264\/revisions"}],"predecessor-version":[{"id":21265,"href":"https:\/\/www.corumbaonline.com.br\/news\/wp-json\/wp\/v2\/posts\/21264\/revisions\/21265"}],"wp:attachment":[{"href":"https:\/\/www.corumbaonline.com.br\/news\/wp-json\/wp\/v2\/media?parent=21264"}],"wp:term":[{"taxonomy":"category","embeddable":true,"href":"https:\/\/www.corumbaonline.com.br\/news\/wp-json\/wp\/v2\/categories?post=21264"},{"taxonomy":"post_tag","embeddable":true,"href":"https:\/\/www.corumbaonline.com.br\/news\/wp-json\/wp\/v2\/tags?post=21264"}],"curies":[{"name":"wp","href":"https:\/\/api.w.org\/{rel}","templated":true}]}}