{"id":21275,"date":"2018-08-13T12:00:28","date_gmt":"2018-08-13T16:00:28","guid":{"rendered":"http:\/\/www.corumbaonline.com.br\/news\/?p=21275"},"modified":"2018-08-13T12:04:03","modified_gmt":"2018-08-13T16:04:03","slug":"mochi-recebe-aliados-pede-tranquilidade-e-uniao-e-preve-candidatura-forte","status":"publish","type":"post","link":"https:\/\/www.corumbaonline.com.br\/news\/mochi-recebe-aliados-pede-tranquilidade-e-uniao-e-preve-candidatura-forte\/","title":{"rendered":"Mochi recebe aliados, pede tranquilidade e uni\u00e3o e prev\u00ea candidatura forte"},"content":{"rendered":"<p>Emedebistas e pol\u00edticos de partidos aliados se reuniram na sede regional do partido na manh\u00e3 desta segunda-feira (13), para discutirem a desist\u00eancia da senadora Simone Tebet (MDB) de disputar o governo estadual,\u00a0noticiada ontem, domingo (12), com exclusividade pelo\u00a0Jornal Midiamax. Apesar disto, a sigla ainda espera uma \u2018candidatura competitiva\u2019.<\/p>\n<p>\u201cSe n\u00f3s tivermos uni\u00e3o, se a gente tiver compreens\u00e3o, souber ter esse discernimento, n\u00f3s haveremos de construir uma possibilidade boa, forte e competitiva\u201d, afirmou o deputado Junior Mochi, presidente da Assembleia e membro da executiva regional do MDB.<\/p>\n<p>De acordo com o parlamentar, o presidente em exerc\u00edcio do MDB, senador Waldemir Moka, convocou uma reuni\u00e3o para amanh\u00e3, ter\u00e7a-feira (14), com toda c\u00fapula da legenda, para discutirem os rumos das elei\u00e7\u00f5es.<\/p>\n<p>Mochi recebeu aliados e pediu \u2018tranquilidade\u2019 e \u2018uni\u00e3o\u2019, e destacou que o MDB passa por um momento de \u2018ang\u00fastia\u2019, sem um nome para a cabe\u00e7a de chapa. Apesar da surpresa com a decis\u00e3o de Simone, a inten\u00e7\u00e3o da sigla \u00e9 manter a candidatura pr\u00f3pria, com indicativo inicial ter o procurador S\u00e9rgio Harfouche como candidato ao governo.<\/p>\n<p>\u201c\u00c9 um momento delicado, em que o partido tem que conversar e ouvir muito para que a gente possa construir uma alternativa que possa ter apoio amplo do nosso partido e dos partidos que j\u00e1 est\u00e3o alian\u00e7ados a n\u00f3s em fun\u00e7\u00e3o da conven\u00e7\u00e3o realizada\u201d, frisou Mochi.<\/p>\n<h1>Gastos maiores<\/h1>\n<p>O presidente regional do PSC, Cl\u00e1udio Cavol, afirmou ao\u00a0Jornal Midiamax\u00a0que a executiva da legenda, juntamente com Harfouche, tamb\u00e9m vai se reunir amanh\u00e3 cedo, para definir os rumos da disputa.<\/p>\n<figure id=\"attachment_881786\">\n<p><figure style=\"width: 320px\" class=\"wp-caption alignnone\"><img loading=\"lazy\" decoding=\"async\" src=\"https:\/\/cdn.midiamax.com.br\/elasticbeanstalk-us-west-2-809048387867\/uploads\/2018\/08\/MG_7640-320x213.jpg\" sizes=\"auto, (max-width: 320px) 100vw, 320px\" srcset=\"https:\/\/cdn.midiamax.com.br\/elasticbeanstalk-us-west-2-809048387867\/uploads\/2018\/08\/MG_7640-320x213.jpg 320w, https:\/\/cdn.midiamax.com.br\/elasticbeanstalk-us-west-2-809048387867\/uploads\/2018\/08\/MG_7640-768x512.jpg 768w, https:\/\/cdn.midiamax.com.br\/elasticbeanstalk-us-west-2-809048387867\/uploads\/2018\/08\/MG_7640.jpg 1024w, https:\/\/cdn.midiamax.com.br\/elasticbeanstalk-us-west-2-809048387867\/uploads\/2018\/08\/MG_7640-450x300.jpg 450w\" alt=\"\" width=\"320\" height=\"213\" \/><figcaption class=\"wp-caption-text\">Presidente do PSC chamou aten\u00e7\u00e3o para custos de campanha majorit\u00e1ria (Foto: Minamar Junior)<\/figcaption><\/figure><\/figure>\n<p>Cavol argumentou que o PSC, por ser um \u2018partido pequeno\u2019, precisa \u2018estudar muito bem\u2019 a cena pol\u00edtica antes de definir encabe\u00e7ar a chapa, o que, segundo ele, implicaria em custos e gastos mais elevados que a proposta inicial da sigla, que era lan\u00e7ar Harfouche como candidato ao Senado.<\/p>\n","protected":false},"excerpt":{"rendered":"<p>Emedebistas e pol\u00edticos de partidos aliados se reuniram na sede regional do partido na manh\u00e3&#8230;<\/p>\n","protected":false},"author":1,"featured_media":0,"comment_status":"closed","ping_status":"closed","sticky":false,"template":"","format":"standard","meta":{"footnotes":""},"categories":[101,19],"tags":[],"class_list":["post-21275","post","type-post","status-publish","format-standard","hentry","category-eleicoes","category-politica"],"_links":{"self":[{"href":"https:\/\/www.corumbaonline.com.br\/news\/wp-json\/wp\/v2\/posts\/21275","targetHints":{"allow":["GET"]}}],"collection":[{"href":"https:\/\/www.corumbaonline.com.br\/news\/wp-json\/wp\/v2\/posts"}],"about":[{"href":"https:\/\/www.corumbaonline.com.br\/news\/wp-json\/wp\/v2\/types\/post"}],"author":[{"embeddable":true,"href":"https:\/\/www.corumbaonline.com.br\/news\/wp-json\/wp\/v2\/users\/1"}],"replies":[{"embeddable":true,"href":"https:\/\/www.corumbaonline.com.br\/news\/wp-json\/wp\/v2\/comments?post=21275"}],"version-history":[{"count":1,"href":"https:\/\/www.corumbaonline.com.br\/news\/wp-json\/wp\/v2\/posts\/21275\/revisions"}],"predecessor-version":[{"id":21277,"href":"https:\/\/www.corumbaonline.com.br\/news\/wp-json\/wp\/v2\/posts\/21275\/revisions\/21277"}],"wp:attachment":[{"href":"https:\/\/www.corumbaonline.com.br\/news\/wp-json\/wp\/v2\/media?parent=21275"}],"wp:term":[{"taxonomy":"category","embeddable":true,"href":"https:\/\/www.corumbaonline.com.br\/news\/wp-json\/wp\/v2\/categories?post=21275"},{"taxonomy":"post_tag","embeddable":true,"href":"https:\/\/www.corumbaonline.com.br\/news\/wp-json\/wp\/v2\/tags?post=21275"}],"curies":[{"name":"wp","href":"https:\/\/api.w.org\/{rel}","templated":true}]}}