{"id":21278,"date":"2018-08-13T14:30:51","date_gmt":"2018-08-13T18:30:51","guid":{"rendered":"http:\/\/www.corumbaonline.com.br\/news\/?p=21278"},"modified":"2018-08-13T17:24:04","modified_gmt":"2018-08-13T21:24:04","slug":"norma-sobre-fake-news-poderia-resultar-em-censura-diz-ministro-do-stf","status":"publish","type":"post","link":"https:\/\/www.corumbaonline.com.br\/news\/norma-sobre-fake-news-poderia-resultar-em-censura-diz-ministro-do-stf\/","title":{"rendered":"Norma sobre fake news poderia resultar em censura, diz ministro do STF"},"content":{"rendered":"<p>O ministro Marco Aur\u00e9lio Mello, do Supremo Tribunal Federal (STF), destacou\u00a0<span id=\"OBJ_PREFIX_DWT278_com_zimbra_date\">hoje<\/span>\u00a0(13) o fato de o Tribunal Superior Eleitoral (TSE) n\u00e3o\u00a0<span id=\"OBJ_PREFIX_DWT279_com_zimbra_date\">ter<\/span>\u00a0editado uma resolu\u00e7\u00e3o espec\u00edfica para tratar das not\u00edcias falsas (<em>fake news<\/em>) nas elei\u00e7\u00f5es deste ano. Para Marco Aur\u00e9lio, que \u00e9 ministro substituto do TSE, uma resolu\u00e7\u00e3o do tipo poderia ser interpretada como censura pr\u00e9via de conte\u00fado, o que n\u00e3o seria permitido pela Constitui\u00e7\u00e3o.<\/p>\n<p>\u201cFelizmente\u201d uma norma sobre\u00a0<em>fake news<\/em>\u00a0n\u00e3o foi aprovada, afirmou o ministro.<\/p>\n<div class=\"dnd-widget-wrapper context-grande_6colunas type-image atom-align-left\">\n<div class=\"dnd-atom-rendered\">\n<figure class=\"mejs-fotoh-wrapper\">\n<p><figure style=\"width: 463px\" class=\"wp-caption alignnone\"><img loading=\"lazy\" decoding=\"async\" class=\"img-responsive full full\" title=\"Antonio Cruz\/Ag\u00eancia Brasil\/Ag\u00eancia Brasil\" src=\"http:\/\/imagens.ebc.com.br\/nOrQ1qiS5KJtlXH8q8FSM6tUQyA=\/463x0\/smart\/http:\/\/agenciabrasil.ebc.com.br\/sites\/default\/files\/thumbnails\/image\/antcrz_abr_1308183100.jpg?itok=euiq2cHe\" alt=\"O ministro do Supremo Tribunal Federal (STF) Marco Aur\u00e9lio Mello  durante abertura do semin\u00e1rio Democracia e elei\u00e7\u00f5es: desafios contempor\u00e2neos, no UniCEUB \u2013 Centro Universit\u00e1rio de Bras\u00edlia.\" width=\"463\" height=\"309\" \/><figcaption class=\"wp-caption-text\">Marco Aur\u00e9lio, ministro do STF &#8211; Antonio Cruz\/Ag\u00eancia Brasil<\/figcaption><\/figure><\/figure>\n<\/div>\n<\/div>\n<p>\u201cAs ideias s\u00e3o incontrol\u00e1veis. O que n\u00f3s precisamos \u00e9, posteriormente, diante de uma mentira intencional &#8211; e n\u00e3o me refiro ao erro, e sim a uma inverdade &#8211;\u00a0<span id=\"OBJ_PREFIX_DWT280_com_zimbra_date\">ter<\/span>\u00a0as consequ\u00eancias jur\u00eddicas. Mas,\u00a0<em>a priori<\/em>, qualquer regulamenta\u00e7\u00e3o soaria como censura\u201d, disse Marco Aur\u00e9lio, que nesta manh\u00e3 participou de um semin\u00e1rio sobre democracia e elei\u00e7\u00f5es em uma universidade particular de Bras\u00edlia.<\/p>\n<p>Ele ressaltou a import\u00e2ncia da imprensa profissional para esclarecer a popula\u00e7\u00e3o sobre informa\u00e7\u00f5es falsas divulgadas como verdadeiras.<\/p>\n<p>O ministro do TSE Tarc\u00edsio Vieira tamb\u00e9m participou o evento e comentou as\u00a0<em>fake news<\/em>. Vieira afirmou que integrantes do FBI (Federal Bureau of Investigation), dos Estados Unidos, que visitaram o TSE disseram n\u00e3o\u00a0<span id=\"OBJ_PREFIX_DWT281_com_zimbra_date\">ter<\/span>\u00a0d\u00favidas de que as elei\u00e7\u00f5es norte-americanas foram manipuladas com informa\u00e7\u00f5es falsas disseminadas em redes sociais.<\/p>\n<p>Vieira destacou o enorme desafio das\u00a0<em>fake news<\/em>\u00a0para a Justi\u00e7a Eleitoral, mas n\u00e3o detalhou como o TSE lidar\u00e1 com o tema durante as elei\u00e7\u00f5es.\u00a0<span id=\"OBJ_PREFIX_DWT282_com_zimbra_date\">Hoje<\/span>, o assunto \u00e9 abordado dentro da resolu\u00e7\u00e3o sobre propaganda eleitoral, que prev\u00ea a retirada de conte\u00fado e multa em caso de divulga\u00e7\u00e3o de not\u00edcias falsas.<\/p>\n<p>Um grupo de trabalho sobre o assunto, formado no TSE, chegou a discutir a minuta de uma resolu\u00e7\u00e3o espec\u00edfica para regulamentar o tema das<em>\u00a0fake news<\/em>\u00a0para as elei\u00e7\u00f5es deste ano, mas o documento nunca chegou a ser votado pelos ministros da Corte Eleitoral.<\/p>\n","protected":false},"excerpt":{"rendered":"<p>O ministro Marco Aur\u00e9lio Mello, do Supremo Tribunal Federal (STF), destacou\u00a0hoje\u00a0(13) o fato de o&#8230;<\/p>\n","protected":false},"author":1,"featured_media":0,"comment_status":"closed","ping_status":"closed","sticky":false,"template":"","format":"standard","meta":{"footnotes":""},"categories":[19],"tags":[],"class_list":["post-21278","post","type-post","status-publish","format-standard","hentry","category-politica"],"_links":{"self":[{"href":"https:\/\/www.corumbaonline.com.br\/news\/wp-json\/wp\/v2\/posts\/21278","targetHints":{"allow":["GET"]}}],"collection":[{"href":"https:\/\/www.corumbaonline.com.br\/news\/wp-json\/wp\/v2\/posts"}],"about":[{"href":"https:\/\/www.corumbaonline.com.br\/news\/wp-json\/wp\/v2\/types\/post"}],"author":[{"embeddable":true,"href":"https:\/\/www.corumbaonline.com.br\/news\/wp-json\/wp\/v2\/users\/1"}],"replies":[{"embeddable":true,"href":"https:\/\/www.corumbaonline.com.br\/news\/wp-json\/wp\/v2\/comments?post=21278"}],"version-history":[{"count":1,"href":"https:\/\/www.corumbaonline.com.br\/news\/wp-json\/wp\/v2\/posts\/21278\/revisions"}],"predecessor-version":[{"id":21279,"href":"https:\/\/www.corumbaonline.com.br\/news\/wp-json\/wp\/v2\/posts\/21278\/revisions\/21279"}],"wp:attachment":[{"href":"https:\/\/www.corumbaonline.com.br\/news\/wp-json\/wp\/v2\/media?parent=21278"}],"wp:term":[{"taxonomy":"category","embeddable":true,"href":"https:\/\/www.corumbaonline.com.br\/news\/wp-json\/wp\/v2\/categories?post=21278"},{"taxonomy":"post_tag","embeddable":true,"href":"https:\/\/www.corumbaonline.com.br\/news\/wp-json\/wp\/v2\/tags?post=21278"}],"curies":[{"name":"wp","href":"https:\/\/api.w.org\/{rel}","templated":true}]}}